{"id":3425,"date":"2026-04-07T16:59:53","date_gmt":"2026-04-07T19:59:53","guid":{"rendered":"https:\/\/enfeitedecora.com\/stories\/?p=3425"},"modified":"2026-04-07T16:59:54","modified_gmt":"2026-04-07T19:59:54","slug":"5-ideias-para-criar-uma-area-gourmet-que-voce-vai-querer-usar-todo-fim-de-semana","status":"publish","type":"post","link":"https:\/\/enfeitedecora.com\/stories\/5-ideias-para-criar-uma-area-gourmet-que-voce-vai-querer-usar-todo-fim-de-semana\/","title":{"rendered":"5 ideias para criar uma \u00e1rea gourmet que voc\u00ea vai querer usar todo fim de semana"},"content":{"rendered":"\n<p>A \u00e1rea gourmet deixou de ser exclusividade de casas grandes e hoje ela aparece em varandas de apartamento, quintais compactos e at\u00e9 \u00e1reas externas improvisadas com muito estilo. O segredo n\u00e3o est\u00e1 no tamanho do espa\u00e7o, mas nas escolhas que tornam o ambiente funcional, bonito e convidativo. <\/p>\n\n\n\n<p>Essas 5 Web Stories do Enfeite Decora mostram como fazer isso de diferentes \u00e2ngulos, do planejamento \u00e0 decora\u00e7\u00e3o, da churrasqueira ao churrasco propriamente dito.<\/p>\n\n\n\n<h2 class=\"wp-block-heading\">1. Como planejar uma \u00e1rea gourmet bonita e funcional do zero<\/h2>\n\n\n\n<p>Criar uma \u00e1rea gourmet sem planejamento \u00e9 o caminho mais curto para o arrependimento. A disposi\u00e7\u00e3o dos equipamentos, a escolha dos revestimentos, a ventila\u00e7\u00e3o, o ponto de \u00e1gua e a ilumina\u00e7\u00e3o precisam ser pensados de forma integrada \u2014 e qualquer falha nesse processo aparece no uso cotidiano do espa\u00e7o.<\/p>\n\n\n\n<figure class=\"wp-block-embed is-type-wp-embed is-provider-stories-enfeite-decora wp-block-embed-stories-enfeite-decora\"><div class=\"wp-block-embed__wrapper\">\n<blockquote class=\"wp-embedded-content\" data-secret=\"8JdDYSZbxY\"><a href=\"https:\/\/enfeitedecora.com\/stories\/webstory\/area-gourmet-como-planejar-um-espaco-bonito-e-funcional\/\">\u00c1rea gourmet: como planejar um espa\u00e7o bonito e funcional<\/a><\/blockquote><iframe loading=\"lazy\" class=\"wp-embedded-content\" sandbox=\"allow-scripts\" security=\"restricted\" style=\"position: absolute; visibility: hidden;\" title=\"&#8220;\u00c1rea gourmet: como planejar um espa\u00e7o bonito e funcional&#8221; &#8212; Stories | Enfeite Decora\" src=\"https:\/\/enfeitedecora.com\/stories\/webstory\/area-gourmet-como-planejar-um-espaco-bonito-e-funcional\/embed\/#?secret=g33syzuIMQ#?secret=8JdDYSZbxY\" data-secret=\"8JdDYSZbxY\" width=\"600\" height=\"338\" frameborder=\"0\" marginwidth=\"0\" marginheight=\"0\" scrolling=\"no\"><\/iframe>\n<\/div><\/figure>\n\n\n\n<p>Essa story funciona como um guia de ponto de partida para quem est\u00e1 planejando sua \u00e1rea gourmet pela primeira vez ou repensando um espa\u00e7o que nunca funcionou bem. Ela apresenta os elementos essenciais que n\u00e3o podem faltar, os erros mais comuns no planejamento e como equilibrar est\u00e9tica e praticidade em um ambiente que precisa, acima de tudo, ser agrad\u00e1vel de usar.<\/p>\n\n\n\n<h2 class=\"wp-block-heading\">2. Churrasco com estilo: como transformar sua \u00e1rea gourmet em um espa\u00e7o de refer\u00eancia<\/h2>\n\n\n\n<p>Ter uma churrasqueira n\u00e3o \u00e9 o mesmo que ter uma \u00e1rea de churrasco bem resolvida. A diferen\u00e7a est\u00e1 nos detalhes ao redor \u2014 no balc\u00e3o de apoio, na bancada com pia, na ilumina\u00e7\u00e3o que funciona \u00e0 noite, na mesa que acomoda confortavelmente os convidados e na decora\u00e7\u00e3o que cria atmosfera sem disputar espa\u00e7o com a fuma\u00e7a.<\/p>\n\n\n\n<figure class=\"wp-block-embed is-type-wp-embed is-provider-stories-enfeite-decora wp-block-embed-stories-enfeite-decora\"><div class=\"wp-block-embed__wrapper\">\n<blockquote class=\"wp-embedded-content\" data-secret=\"3TlsGbjHkE\"><a href=\"https:\/\/enfeitedecora.com\/stories\/webstory\/churrasco-com-estilo-como-transformar-sua-area-gourmet\/\">Churrasco com estilo: como transformar sua \u00e1rea gourmet<\/a><\/blockquote><iframe loading=\"lazy\" class=\"wp-embedded-content\" sandbox=\"allow-scripts\" security=\"restricted\" style=\"position: absolute; visibility: hidden;\" title=\"&#8220;Churrasco com estilo: como transformar sua \u00e1rea gourmet&#8221; &#8212; Stories | Enfeite Decora\" src=\"https:\/\/enfeitedecora.com\/stories\/webstory\/churrasco-com-estilo-como-transformar-sua-area-gourmet\/embed\/#?secret=YhtwzqJif2#?secret=3TlsGbjHkE\" data-secret=\"3TlsGbjHkE\" width=\"600\" height=\"338\" frameborder=\"0\" marginwidth=\"0\" marginheight=\"0\" scrolling=\"no\"><\/iframe>\n<\/div><\/figure>\n\n\n\n<p>Essa story mostra como transformar uma \u00e1rea gourmet funcional em um ambiente com personalidade \u2014 aquele tipo de espa\u00e7o que vira ponto de encontro da fam\u00edlia e dos amigos com regularidade. Os exemplos apresentados cobrem desde solu\u00e7\u00f5es mais simples at\u00e9 propostas mais elaboradas, sempre com foco em como cada elemento contribui para a experi\u00eancia de quem usa o espa\u00e7o.<\/p>\n\n\n\n<h2 class=\"wp-block-heading\">3. Varanda gourmet: funcionalidade e aconchego em espa\u00e7os compactos<\/h2>\n\n\n\n<p>A varanda gourmet \u00e9 o formato mais comum nas grandes cidades brasileiras \u2014 e tamb\u00e9m o que mais exige criatividade no planejamento. Com \u00e1rea limitada, \u00e9 preciso escolher bem cada elemento: o que entra, o que fica de fora e como organizar tudo para que o espa\u00e7o funcione tanto para um jantar a dois quanto para receber um grupo maior.<\/p>\n\n\n\n<figure class=\"wp-block-embed is-type-wp-embed is-provider-stories-enfeite-decora wp-block-embed-stories-enfeite-decora\"><div class=\"wp-block-embed__wrapper\">\n<blockquote class=\"wp-embedded-content\" data-secret=\"EnhkwSjMkb\"><a href=\"https:\/\/enfeitedecora.com\/stories\/webstory\/varanda-gourmet-como-criar-um-espaco-funcional-e-aconchegante\/\">Varanda gourmet: como criar um espa\u00e7o funcional e aconchegante<\/a><\/blockquote><iframe loading=\"lazy\" class=\"wp-embedded-content\" sandbox=\"allow-scripts\" security=\"restricted\" style=\"position: absolute; visibility: hidden;\" title=\"&#8220;Varanda gourmet: como criar um espa\u00e7o funcional e aconchegante&#8221; &#8212; Stories | Enfeite Decora\" src=\"https:\/\/enfeitedecora.com\/stories\/webstory\/varanda-gourmet-como-criar-um-espaco-funcional-e-aconchegante\/embed\/#?secret=q6ljFUQryc#?secret=EnhkwSjMkb\" data-secret=\"EnhkwSjMkb\" width=\"600\" height=\"338\" frameborder=\"0\" marginwidth=\"0\" marginheight=\"0\" scrolling=\"no\"><\/iframe>\n<\/div><\/figure>\n\n\n\n<p>Essa story explica como tirar o m\u00e1ximo de uma varanda gourmet, independentemente do tamanho, com solu\u00e7\u00f5es que equilibram est\u00e9tica e aproveitamento de espa\u00e7o. Da escolha do revestimento ao posicionamento da churrasqueira el\u00e9trica, cada decis\u00e3o \u00e9 apresentada com crit\u00e9rio e exemplos reais que facilitam a aplica\u00e7\u00e3o.<\/p>\n\n\n\n<h2 class=\"wp-block-heading\">4. Quintal: como transformar o espa\u00e7o esquecido da casa no lugar onde voc\u00ea mais quer estar<\/h2>\n\n\n\n<p>Em muitas casas, o quintal existe mas n\u00e3o \u00e9 vivido. Serve de passagem, de dep\u00f3sito improvisado ou simplesmente fica vazio por falta de uma proposta clara de uso. Mas com algumas interven\u00e7\u00f5es bem pensadas \u2014 uma \u00e1rea coberta, um deck, uma churrasqueira simples, ilumina\u00e7\u00e3o adequada e vegeta\u00e7\u00e3o estrat\u00e9gica, ele pode se tornar o ambiente mais usado e querido da casa.<\/p>\n\n\n\n<figure class=\"wp-block-embed is-type-wp-embed is-provider-stories-enfeite-decora wp-block-embed-stories-enfeite-decora\"><div class=\"wp-block-embed__wrapper\">\n<blockquote class=\"wp-embedded-content\" data-secret=\"VLdIsQahpR\"><a href=\"https:\/\/enfeitedecora.com\/stories\/webstory\/e-se-o-quintal-da-sua-casa-pudesse-se-tornar-o-lugar-onde-voce-mais-quer-estar\/\">E se o quintal da sua casa pudesse se tornar o lugar onde voc\u00ea mais quer estar?<\/a><\/blockquote><iframe loading=\"lazy\" class=\"wp-embedded-content\" sandbox=\"allow-scripts\" security=\"restricted\" style=\"position: absolute; visibility: hidden;\" title=\"&#8220;E se o quintal da sua casa pudesse se tornar o lugar onde voc\u00ea mais quer estar?&#8221; &#8212; Stories | Enfeite Decora\" src=\"https:\/\/enfeitedecora.com\/stories\/webstory\/e-se-o-quintal-da-sua-casa-pudesse-se-tornar-o-lugar-onde-voce-mais-quer-estar\/embed\/#?secret=6JV0n2kgEI#?secret=VLdIsQahpR\" data-secret=\"VLdIsQahpR\" width=\"600\" height=\"338\" frameborder=\"0\" marginwidth=\"0\" marginheight=\"0\" scrolling=\"no\"><\/iframe>\n<\/div><\/figure>\n\n\n\n<p>Essa story \u00e9 uma das mais inspiradoras do acervo do Enfeite Decora justamente porque parte de um espa\u00e7o subutilizado e mostra, passo a passo, como o olhar certo e decis\u00f5es simples s\u00e3o capazes de criar um ambiente que convida a ficar. \u00c9 o tipo de conte\u00fado que faz muita gente repensar o potencial do que j\u00e1 tem.<\/p>\n\n\n\n<h2 class=\"wp-block-heading\">5. Tend\u00eancias de paisagismo para 2026: o jardim como extens\u00e3o da vida<\/h2>\n\n\n\n<p>Uma \u00e1rea gourmet completa n\u00e3o termina na churrasqueira, ela se estende para o verde ao redor. E o paisagismo de 2026 tem uma proposta clara: criar jardins que acolhem, que convidam \u00e0 perman\u00eancia e que funcionam como extens\u00e3o natural dos ambientes internos da casa, em vez de elementos decorativos isolados.<\/p>\n\n\n\n<figure class=\"wp-block-embed is-type-wp-embed is-provider-stories-enfeite-decora wp-block-embed-stories-enfeite-decora\"><div class=\"wp-block-embed__wrapper\">\n<blockquote class=\"wp-embedded-content\" data-secret=\"e2uNEYl3SP\"><a href=\"https:\/\/enfeitedecora.com\/stories\/webstory\/ardins-que-acolhem-as-tendencias-de-paisagismo-para-2026\/\">Jardins que acolhem: as tend\u00eancias de paisagismo para 2026<\/a><\/blockquote><iframe loading=\"lazy\" class=\"wp-embedded-content\" sandbox=\"allow-scripts\" security=\"restricted\" style=\"position: absolute; visibility: hidden;\" title=\"&#8220;Jardins que acolhem: as tend\u00eancias de paisagismo para 2026&#8221; &#8212; Stories | Enfeite Decora\" src=\"https:\/\/enfeitedecora.com\/stories\/webstory\/ardins-que-acolhem-as-tendencias-de-paisagismo-para-2026\/embed\/#?secret=TXW4VT5Flm#?secret=e2uNEYl3SP\" data-secret=\"e2uNEYl3SP\" width=\"600\" height=\"338\" frameborder=\"0\" marginwidth=\"0\" marginheight=\"0\" scrolling=\"no\"><\/iframe>\n<\/div><\/figure>\n\n\n\n<p>Essa story apresenta as principais tend\u00eancias do paisagismo contempor\u00e2neo com uma linguagem acess\u00edvel e aplic\u00e1vel, mostrando como integrar plantas, pedras, \u00e1gua e ilumina\u00e7\u00e3o de forma que o jardim complemente \u2014 e n\u00e3o apenas enquadre \u2014 a \u00e1rea gourmet. Para quem est\u00e1 pensando no projeto completo do espa\u00e7o externo, \u00e9 uma leitura essencial.<\/p>\n\n\n\n<hr class=\"wp-block-separator has-alpha-channel-opacity\"\/>\n\n\n\n<p><strong>Pronto para transformar sua \u00e1rea externa? <a href=\"https:\/\/enfeitedecora.com\/stories\/webstory\/\">Explore todo o acervo de Web Stories<\/a> do <a href=\"https:\/\/enfeitedecora.com\">Enfeite Decora<\/a> e encontre muito mais inspira\u00e7\u00e3o para cada espa\u00e7o da sua casa.<\/strong><\/p>\n","protected":false},"excerpt":{"rendered":"<p>A \u00e1rea gourmet deixou de ser exclusividade de casas grandes e hoje ela aparece em varandas de apartamento, quintais compactos e at\u00e9 \u00e1reas externas improvisadas com muito estilo. O segredo &#8230;<\/p>\n","protected":false},"author":1,"featured_media":734,"comment_status":"closed","ping_status":"open","sticky":false,"template":"","format":"standard","meta":{"footnotes":""},"categories":[11],"tags":[],"class_list":["post-3425","post","type-post","status-publish","format-standard","has-post-thumbnail","hentry","category-publicacoes"],"yoast_head":"<!-- This site is optimized with the Yoast SEO plugin v27.4 - https:\/\/yoast.com\/product\/yoast-seo-wordpress\/ -->\n<title>5 ideias para criar uma \u00e1rea gourmet que voc\u00ea vai querer usar todo fim de semana | Stories | Enfeite Decora<\/title>\n<meta name=\"robots\" content=\"index, follow, max-snippet:-1, max-image-preview:large, max-video-preview:-1\" \/>\n<link rel=\"canonical\" href=\"https:\/\/enfeitedecora.com\/stories\/5-ideias-para-criar-uma-area-gourmet-que-voce-vai-querer-usar-todo-fim-de-semana\/\" \/>\n<meta property=\"og:locale\" content=\"pt_BR\" \/>\n<meta property=\"og:type\" content=\"article\" \/>\n<meta property=\"og:title\" content=\"5 ideias para criar uma \u00e1rea gourmet que voc\u00ea vai querer usar todo fim de semana | Stories | Enfeite Decora\" \/>\n<meta property=\"og:description\" content=\"A \u00e1rea gourmet deixou de ser exclusividade de casas grandes e hoje ela aparece em varandas de apartamento, quintais compactos e at\u00e9 \u00e1reas externas improvisadas com muito estilo. O segredo ...\" \/>\n<meta property=\"og:url\" content=\"https:\/\/enfeitedecora.com\/stories\/5-ideias-para-criar-uma-area-gourmet-que-voce-vai-querer-usar-todo-fim-de-semana\/\" \/>\n<meta property=\"og:site_name\" content=\"Stories | Enfeite Decora\" \/>\n<meta property=\"article:publisher\" content=\"https:\/\/facebook.com\/enfeitedecora\" \/>\n<meta property=\"article:published_time\" content=\"2026-04-07T19:59:53+00:00\" \/>\n<meta property=\"article:modified_time\" content=\"2026-04-07T19:59:54+00:00\" \/>\n<meta property=\"og:image\" content=\"https:\/\/enfeitedecora.com\/stories\/wp-content\/uploads\/2026\/01\/cozinha-gourmet-1.jpg\" \/>\n\t<meta property=\"og:image:width\" content=\"1280\" \/>\n\t<meta property=\"og:image:height\" content=\"720\" \/>\n\t<meta property=\"og:image:type\" content=\"image\/jpeg\" \/>\n<meta name=\"author\" content=\"Enfeite Decora\" \/>\n<meta name=\"twitter:card\" content=\"summary_large_image\" \/>\n<meta name=\"twitter:label1\" content=\"Escrito por\" \/>\n\t<meta name=\"twitter:data1\" content=\"Enfeite Decora\" \/>\n\t<meta name=\"twitter:label2\" content=\"Est. tempo de leitura\" \/>\n\t<meta name=\"twitter:data2\" content=\"5 minutos\" \/>\n<script type=\"application\/ld+json\" class=\"yoast-schema-graph\">{\"@context\":\"https:\\\/\\\/schema.org\",\"@graph\":[{\"@type\":\"Article\",\"@id\":\"https:\\\/\\\/enfeitedecora.com\\\/stories\\\/5-ideias-para-criar-uma-area-gourmet-que-voce-vai-querer-usar-todo-fim-de-semana\\\/#article\",\"isPartOf\":{\"@id\":\"https:\\\/\\\/enfeitedecora.com\\\/stories\\\/5-ideias-para-criar-uma-area-gourmet-que-voce-vai-querer-usar-todo-fim-de-semana\\\/\"},\"author\":{\"name\":\"Enfeite Decora\",\"@id\":\"https:\\\/\\\/enfeitedecora.com\\\/stories\\\/#\\\/schema\\\/person\\\/9b0d820009848f2d495963fd1e1d84ca\"},\"headline\":\"5 ideias para criar uma \u00e1rea gourmet que voc\u00ea vai querer usar todo fim de semana\",\"datePublished\":\"2026-04-07T19:59:53+00:00\",\"dateModified\":\"2026-04-07T19:59:54+00:00\",\"mainEntityOfPage\":{\"@id\":\"https:\\\/\\\/enfeitedecora.com\\\/stories\\\/5-ideias-para-criar-uma-area-gourmet-que-voce-vai-querer-usar-todo-fim-de-semana\\\/\"},\"wordCount\":788,\"publisher\":{\"@id\":\"https:\\\/\\\/enfeitedecora.com\\\/stories\\\/#organization\"},\"image\":{\"@id\":\"https:\\\/\\\/enfeitedecora.com\\\/stories\\\/5-ideias-para-criar-uma-area-gourmet-que-voce-vai-querer-usar-todo-fim-de-semana\\\/#primaryimage\"},\"thumbnailUrl\":\"https:\\\/\\\/enfeitedecora.com\\\/stories\\\/wp-content\\\/uploads\\\/2026\\\/01\\\/cozinha-gourmet-1.jpg\",\"articleSection\":[\"Publica\u00e7\u00f5es\"],\"inLanguage\":\"pt-BR\"},{\"@type\":\"WebPage\",\"@id\":\"https:\\\/\\\/enfeitedecora.com\\\/stories\\\/5-ideias-para-criar-uma-area-gourmet-que-voce-vai-querer-usar-todo-fim-de-semana\\\/\",\"url\":\"https:\\\/\\\/enfeitedecora.com\\\/stories\\\/5-ideias-para-criar-uma-area-gourmet-que-voce-vai-querer-usar-todo-fim-de-semana\\\/\",\"name\":\"5 ideias para criar uma \u00e1rea gourmet que voc\u00ea vai querer usar todo fim de semana | Stories | Enfeite Decora\",\"isPartOf\":{\"@id\":\"https:\\\/\\\/enfeitedecora.com\\\/stories\\\/#website\"},\"primaryImageOfPage\":{\"@id\":\"https:\\\/\\\/enfeitedecora.com\\\/stories\\\/5-ideias-para-criar-uma-area-gourmet-que-voce-vai-querer-usar-todo-fim-de-semana\\\/#primaryimage\"},\"image\":{\"@id\":\"https:\\\/\\\/enfeitedecora.com\\\/stories\\\/5-ideias-para-criar-uma-area-gourmet-que-voce-vai-querer-usar-todo-fim-de-semana\\\/#primaryimage\"},\"thumbnailUrl\":\"https:\\\/\\\/enfeitedecora.com\\\/stories\\\/wp-content\\\/uploads\\\/2026\\\/01\\\/cozinha-gourmet-1.jpg\",\"datePublished\":\"2026-04-07T19:59:53+00:00\",\"dateModified\":\"2026-04-07T19:59:54+00:00\",\"breadcrumb\":{\"@id\":\"https:\\\/\\\/enfeitedecora.com\\\/stories\\\/5-ideias-para-criar-uma-area-gourmet-que-voce-vai-querer-usar-todo-fim-de-semana\\\/#breadcrumb\"},\"inLanguage\":\"pt-BR\",\"potentialAction\":[{\"@type\":\"ReadAction\",\"target\":[\"https:\\\/\\\/enfeitedecora.com\\\/stories\\\/5-ideias-para-criar-uma-area-gourmet-que-voce-vai-querer-usar-todo-fim-de-semana\\\/\"]}]},{\"@type\":\"ImageObject\",\"inLanguage\":\"pt-BR\",\"@id\":\"https:\\\/\\\/enfeitedecora.com\\\/stories\\\/5-ideias-para-criar-uma-area-gourmet-que-voce-vai-querer-usar-todo-fim-de-semana\\\/#primaryimage\",\"url\":\"https:\\\/\\\/enfeitedecora.com\\\/stories\\\/wp-content\\\/uploads\\\/2026\\\/01\\\/cozinha-gourmet-1.jpg\",\"contentUrl\":\"https:\\\/\\\/enfeitedecora.com\\\/stories\\\/wp-content\\\/uploads\\\/2026\\\/01\\\/cozinha-gourmet-1.jpg\",\"width\":1280,\"height\":720},{\"@type\":\"BreadcrumbList\",\"@id\":\"https:\\\/\\\/enfeitedecora.com\\\/stories\\\/5-ideias-para-criar-uma-area-gourmet-que-voce-vai-querer-usar-todo-fim-de-semana\\\/#breadcrumb\",\"itemListElement\":[{\"@type\":\"ListItem\",\"position\":1,\"name\":\"In\u00edcio\",\"item\":\"https:\\\/\\\/enfeitedecora.com\\\/stories\\\/\"},{\"@type\":\"ListItem\",\"position\":2,\"name\":\"5 ideias para criar uma \u00e1rea gourmet que voc\u00ea vai querer usar todo fim de semana\"}]},{\"@type\":\"WebSite\",\"@id\":\"https:\\\/\\\/enfeitedecora.com\\\/stories\\\/#website\",\"url\":\"https:\\\/\\\/enfeitedecora.com\\\/stories\\\/\",\"name\":\"Stories | Enfeite Decora\",\"description\":\"\",\"publisher\":{\"@id\":\"https:\\\/\\\/enfeitedecora.com\\\/stories\\\/#organization\"},\"potentialAction\":[{\"@type\":\"SearchAction\",\"target\":{\"@type\":\"EntryPoint\",\"urlTemplate\":\"https:\\\/\\\/enfeitedecora.com\\\/stories\\\/?s={search_term_string}\"},\"query-input\":{\"@type\":\"PropertyValueSpecification\",\"valueRequired\":true,\"valueName\":\"search_term_string\"}}],\"inLanguage\":\"pt-BR\"},{\"@type\":\"Organization\",\"@id\":\"https:\\\/\\\/enfeitedecora.com\\\/stories\\\/#organization\",\"name\":\"Enfeite Decora\",\"url\":\"https:\\\/\\\/enfeitedecora.com\\\/stories\\\/\",\"logo\":{\"@type\":\"ImageObject\",\"inLanguage\":\"pt-BR\",\"@id\":\"https:\\\/\\\/enfeitedecora.com\\\/stories\\\/#\\\/schema\\\/logo\\\/image\\\/\",\"url\":\"https:\\\/\\\/enfeitedecora.com\\\/stories\\\/wp-content\\\/uploads\\\/2025\\\/10\\\/Logo_1614472736542_1614473478595_2-removebg-preview.png\",\"contentUrl\":\"https:\\\/\\\/enfeitedecora.com\\\/stories\\\/wp-content\\\/uploads\\\/2025\\\/10\\\/Logo_1614472736542_1614473478595_2-removebg-preview.png\",\"width\":498,\"height\":501,\"caption\":\"Enfeite Decora\"},\"image\":{\"@id\":\"https:\\\/\\\/enfeitedecora.com\\\/stories\\\/#\\\/schema\\\/logo\\\/image\\\/\"},\"sameAs\":[\"https:\\\/\\\/facebook.com\\\/enfeitedecora\"]},{\"@type\":\"Person\",\"@id\":\"https:\\\/\\\/enfeitedecora.com\\\/stories\\\/#\\\/schema\\\/person\\\/9b0d820009848f2d495963fd1e1d84ca\",\"name\":\"Enfeite Decora\",\"image\":{\"@type\":\"ImageObject\",\"inLanguage\":\"pt-BR\",\"@id\":\"https:\\\/\\\/enfeitedecora.com\\\/stories\\\/wp-content\\\/litespeed\\\/avatar\\\/f3bcdc045383ee3c85d2910fa25676a0.jpg?ver=1777484027\",\"url\":\"https:\\\/\\\/enfeitedecora.com\\\/stories\\\/wp-content\\\/litespeed\\\/avatar\\\/f3bcdc045383ee3c85d2910fa25676a0.jpg?ver=1777484027\",\"contentUrl\":\"https:\\\/\\\/enfeitedecora.com\\\/stories\\\/wp-content\\\/litespeed\\\/avatar\\\/f3bcdc045383ee3c85d2910fa25676a0.jpg?ver=1777484027\",\"caption\":\"Enfeite Decora\"},\"description\":\"O Enfeitedecora \u00e9 uma plataforma de conte\u00fado especializado dedicada a traduzir o universo da arquitetura, do design de interiores e do paisagismo em solu\u00e7\u00f5es pr\u00e1ticas e inspiradoras. O projeto \u00e9 idealizado e fundado por Cl\u00e1udio P. Filla e realizado pela Editora CFILLA (CNPJ: 47.923.569\\\/0001-92). Nossa Lideran\u00e7a e Vis\u00e3o Multidisciplinar Com quase 11 anos de experi\u00eancia no mercado de comunica\u00e7\u00e3o e m\u00eddias digitais, Cl\u00e1udio P. Filla atua como Editor-chefe e Estrategista de Conte\u00fado. Sua trajet\u00f3ria inclui a reda\u00e7\u00e3o especializada em portais de relev\u00e2ncia nacional, como o Agro na M\u00eddia, o que confere ao Enfeitedecora uma vis\u00e3o multidisciplinar \u00fanica: a uni\u00e3o entre o conhecimento t\u00e9cnico do setor produtivo e paisag\u00edstico com a sofistica\u00e7\u00e3o do design urbano.\",\"sameAs\":[\"https:\\\/\\\/enfeitedecora.com\\\/stories\"],\"url\":\"https:\\\/\\\/enfeitedecora.com\\\/stories\\\/author\\\/enfeitedecoraadm\\\/\"}]}<\/script>\n<!-- \/ Yoast SEO plugin. -->","yoast_head_json":{"title":"5 ideias para criar uma \u00e1rea gourmet que voc\u00ea vai querer usar todo fim de semana | Stories | Enfeite Decora","robots":{"index":"index","follow":"follow","max-snippet":"max-snippet:-1","max-image-preview":"max-image-preview:large","max-video-preview":"max-video-preview:-1"},"canonical":"https:\/\/enfeitedecora.com\/stories\/5-ideias-para-criar-uma-area-gourmet-que-voce-vai-querer-usar-todo-fim-de-semana\/","og_locale":"pt_BR","og_type":"article","og_title":"5 ideias para criar uma \u00e1rea gourmet que voc\u00ea vai querer usar todo fim de semana | Stories | Enfeite Decora","og_description":"A \u00e1rea gourmet deixou de ser exclusividade de casas grandes e hoje ela aparece em varandas de apartamento, quintais compactos e at\u00e9 \u00e1reas externas improvisadas com muito estilo. O segredo ...","og_url":"https:\/\/enfeitedecora.com\/stories\/5-ideias-para-criar-uma-area-gourmet-que-voce-vai-querer-usar-todo-fim-de-semana\/","og_site_name":"Stories | Enfeite Decora","article_publisher":"https:\/\/facebook.com\/enfeitedecora","article_published_time":"2026-04-07T19:59:53+00:00","article_modified_time":"2026-04-07T19:59:54+00:00","og_image":[{"width":1280,"height":720,"url":"https:\/\/enfeitedecora.com\/stories\/wp-content\/uploads\/2026\/01\/cozinha-gourmet-1.jpg","type":"image\/jpeg"}],"author":"Enfeite Decora","twitter_card":"summary_large_image","twitter_misc":{"Escrito por":"Enfeite Decora","Est. tempo de leitura":"5 minutos"},"schema":{"@context":"https:\/\/schema.org","@graph":[{"@type":"Article","@id":"https:\/\/enfeitedecora.com\/stories\/5-ideias-para-criar-uma-area-gourmet-que-voce-vai-querer-usar-todo-fim-de-semana\/#article","isPartOf":{"@id":"https:\/\/enfeitedecora.com\/stories\/5-ideias-para-criar-uma-area-gourmet-que-voce-vai-querer-usar-todo-fim-de-semana\/"},"author":{"name":"Enfeite Decora","@id":"https:\/\/enfeitedecora.com\/stories\/#\/schema\/person\/9b0d820009848f2d495963fd1e1d84ca"},"headline":"5 ideias para criar uma \u00e1rea gourmet que voc\u00ea vai querer usar todo fim de semana","datePublished":"2026-04-07T19:59:53+00:00","dateModified":"2026-04-07T19:59:54+00:00","mainEntityOfPage":{"@id":"https:\/\/enfeitedecora.com\/stories\/5-ideias-para-criar-uma-area-gourmet-que-voce-vai-querer-usar-todo-fim-de-semana\/"},"wordCount":788,"publisher":{"@id":"https:\/\/enfeitedecora.com\/stories\/#organization"},"image":{"@id":"https:\/\/enfeitedecora.com\/stories\/5-ideias-para-criar-uma-area-gourmet-que-voce-vai-querer-usar-todo-fim-de-semana\/#primaryimage"},"thumbnailUrl":"https:\/\/enfeitedecora.com\/stories\/wp-content\/uploads\/2026\/01\/cozinha-gourmet-1.jpg","articleSection":["Publica\u00e7\u00f5es"],"inLanguage":"pt-BR"},{"@type":"WebPage","@id":"https:\/\/enfeitedecora.com\/stories\/5-ideias-para-criar-uma-area-gourmet-que-voce-vai-querer-usar-todo-fim-de-semana\/","url":"https:\/\/enfeitedecora.com\/stories\/5-ideias-para-criar-uma-area-gourmet-que-voce-vai-querer-usar-todo-fim-de-semana\/","name":"5 ideias para criar uma \u00e1rea gourmet que voc\u00ea vai querer usar todo fim de semana | Stories | Enfeite Decora","isPartOf":{"@id":"https:\/\/enfeitedecora.com\/stories\/#website"},"primaryImageOfPage":{"@id":"https:\/\/enfeitedecora.com\/stories\/5-ideias-para-criar-uma-area-gourmet-que-voce-vai-querer-usar-todo-fim-de-semana\/#primaryimage"},"image":{"@id":"https:\/\/enfeitedecora.com\/stories\/5-ideias-para-criar-uma-area-gourmet-que-voce-vai-querer-usar-todo-fim-de-semana\/#primaryimage"},"thumbnailUrl":"https:\/\/enfeitedecora.com\/stories\/wp-content\/uploads\/2026\/01\/cozinha-gourmet-1.jpg","datePublished":"2026-04-07T19:59:53+00:00","dateModified":"2026-04-07T19:59:54+00:00","breadcrumb":{"@id":"https:\/\/enfeitedecora.com\/stories\/5-ideias-para-criar-uma-area-gourmet-que-voce-vai-querer-usar-todo-fim-de-semana\/#breadcrumb"},"inLanguage":"pt-BR","potentialAction":[{"@type":"ReadAction","target":["https:\/\/enfeitedecora.com\/stories\/5-ideias-para-criar-uma-area-gourmet-que-voce-vai-querer-usar-todo-fim-de-semana\/"]}]},{"@type":"ImageObject","inLanguage":"pt-BR","@id":"https:\/\/enfeitedecora.com\/stories\/5-ideias-para-criar-uma-area-gourmet-que-voce-vai-querer-usar-todo-fim-de-semana\/#primaryimage","url":"https:\/\/enfeitedecora.com\/stories\/wp-content\/uploads\/2026\/01\/cozinha-gourmet-1.jpg","contentUrl":"https:\/\/enfeitedecora.com\/stories\/wp-content\/uploads\/2026\/01\/cozinha-gourmet-1.jpg","width":1280,"height":720},{"@type":"BreadcrumbList","@id":"https:\/\/enfeitedecora.com\/stories\/5-ideias-para-criar-uma-area-gourmet-que-voce-vai-querer-usar-todo-fim-de-semana\/#breadcrumb","itemListElement":[{"@type":"ListItem","position":1,"name":"In\u00edcio","item":"https:\/\/enfeitedecora.com\/stories\/"},{"@type":"ListItem","position":2,"name":"5 ideias para criar uma \u00e1rea gourmet que voc\u00ea vai querer usar todo fim de semana"}]},{"@type":"WebSite","@id":"https:\/\/enfeitedecora.com\/stories\/#website","url":"https:\/\/enfeitedecora.com\/stories\/","name":"Stories | Enfeite Decora","description":"","publisher":{"@id":"https:\/\/enfeitedecora.com\/stories\/#organization"},"potentialAction":[{"@type":"SearchAction","target":{"@type":"EntryPoint","urlTemplate":"https:\/\/enfeitedecora.com\/stories\/?s={search_term_string}"},"query-input":{"@type":"PropertyValueSpecification","valueRequired":true,"valueName":"search_term_string"}}],"inLanguage":"pt-BR"},{"@type":"Organization","@id":"https:\/\/enfeitedecora.com\/stories\/#organization","name":"Enfeite Decora","url":"https:\/\/enfeitedecora.com\/stories\/","logo":{"@type":"ImageObject","inLanguage":"pt-BR","@id":"https:\/\/enfeitedecora.com\/stories\/#\/schema\/logo\/image\/","url":"https:\/\/enfeitedecora.com\/stories\/wp-content\/uploads\/2025\/10\/Logo_1614472736542_1614473478595_2-removebg-preview.png","contentUrl":"https:\/\/enfeitedecora.com\/stories\/wp-content\/uploads\/2025\/10\/Logo_1614472736542_1614473478595_2-removebg-preview.png","width":498,"height":501,"caption":"Enfeite Decora"},"image":{"@id":"https:\/\/enfeitedecora.com\/stories\/#\/schema\/logo\/image\/"},"sameAs":["https:\/\/facebook.com\/enfeitedecora"]},{"@type":"Person","@id":"https:\/\/enfeitedecora.com\/stories\/#\/schema\/person\/9b0d820009848f2d495963fd1e1d84ca","name":"Enfeite Decora","image":{"@type":"ImageObject","inLanguage":"pt-BR","@id":"https:\/\/enfeitedecora.com\/stories\/wp-content\/litespeed\/avatar\/f3bcdc045383ee3c85d2910fa25676a0.jpg?ver=1777484027","url":"https:\/\/enfeitedecora.com\/stories\/wp-content\/litespeed\/avatar\/f3bcdc045383ee3c85d2910fa25676a0.jpg?ver=1777484027","contentUrl":"https:\/\/enfeitedecora.com\/stories\/wp-content\/litespeed\/avatar\/f3bcdc045383ee3c85d2910fa25676a0.jpg?ver=1777484027","caption":"Enfeite Decora"},"description":"O Enfeitedecora \u00e9 uma plataforma de conte\u00fado especializado dedicada a traduzir o universo da arquitetura, do design de interiores e do paisagismo em solu\u00e7\u00f5es pr\u00e1ticas e inspiradoras. O projeto \u00e9 idealizado e fundado por Cl\u00e1udio P. Filla e realizado pela Editora CFILLA (CNPJ: 47.923.569\/0001-92). Nossa Lideran\u00e7a e Vis\u00e3o Multidisciplinar Com quase 11 anos de experi\u00eancia no mercado de comunica\u00e7\u00e3o e m\u00eddias digitais, Cl\u00e1udio P. Filla atua como Editor-chefe e Estrategista de Conte\u00fado. Sua trajet\u00f3ria inclui a reda\u00e7\u00e3o especializada em portais de relev\u00e2ncia nacional, como o Agro na M\u00eddia, o que confere ao Enfeitedecora uma vis\u00e3o multidisciplinar \u00fanica: a uni\u00e3o entre o conhecimento t\u00e9cnico do setor produtivo e paisag\u00edstico com a sofistica\u00e7\u00e3o do design urbano.","sameAs":["https:\/\/enfeitedecora.com\/stories"],"url":"https:\/\/enfeitedecora.com\/stories\/author\/enfeitedecoraadm\/"}]}},"_links":{"self":[{"href":"https:\/\/enfeitedecora.com\/stories\/wp-json\/wp\/v2\/posts\/3425","targetHints":{"allow":["GET"]}}],"collection":[{"href":"https:\/\/enfeitedecora.com\/stories\/wp-json\/wp\/v2\/posts"}],"about":[{"href":"https:\/\/enfeitedecora.com\/stories\/wp-json\/wp\/v2\/types\/post"}],"author":[{"embeddable":true,"href":"https:\/\/enfeitedecora.com\/stories\/wp-json\/wp\/v2\/users\/1"}],"replies":[{"embeddable":true,"href":"https:\/\/enfeitedecora.com\/stories\/wp-json\/wp\/v2\/comments?post=3425"}],"version-history":[{"count":2,"href":"https:\/\/enfeitedecora.com\/stories\/wp-json\/wp\/v2\/posts\/3425\/revisions"}],"predecessor-version":[{"id":3427,"href":"https:\/\/enfeitedecora.com\/stories\/wp-json\/wp\/v2\/posts\/3425\/revisions\/3427"}],"wp:featuredmedia":[{"embeddable":true,"href":"https:\/\/enfeitedecora.com\/stories\/wp-json\/wp\/v2\/media\/734"}],"wp:attachment":[{"href":"https:\/\/enfeitedecora.com\/stories\/wp-json\/wp\/v2\/media?parent=3425"}],"wp:term":[{"taxonomy":"category","embeddable":true,"href":"https:\/\/enfeitedecora.com\/stories\/wp-json\/wp\/v2\/categories?post=3425"},{"taxonomy":"post_tag","embeddable":true,"href":"https:\/\/enfeitedecora.com\/stories\/wp-json\/wp\/v2\/tags?post=3425"}],"curies":[{"name":"wp","href":"https:\/\/api.w.org\/{rel}","templated":true}]}}