{"id":3302,"date":"2026-04-03T18:28:21","date_gmt":"2026-04-03T21:28:21","guid":{"rendered":"https:\/\/enfeitedecora.com\/stories\/?p=3302"},"modified":"2026-04-03T18:28:23","modified_gmt":"2026-04-03T21:28:23","slug":"5-erros-comuns-em-casa-que-custam-caro-e-como-evitar-cada-um-deles","status":"publish","type":"post","link":"https:\/\/enfeitedecora.com\/stories\/5-erros-comuns-em-casa-que-custam-caro-e-como-evitar-cada-um-deles\/","title":{"rendered":"5 erros comuns em casa que custam caro e como evitar cada um deles"},"content":{"rendered":"\n<p>Alguns problemas dom\u00e9sticos parecem pequenos, mas se ignorados podem virar dor de cabe\u00e7a (e preju\u00edzo) de verdade. Em outros casos, o erro est\u00e1 num h\u00e1bito t\u00e3o enraizado que a gente nem percebe que est\u00e1 fazendo errado. <\/p>\n\n\n\n<p>A seguir, reunimos 5 Web Stories do <a href=\"https:\/\/enfeitedecora.com\">Enfeite Decora<\/a> que abordam situa\u00e7\u00f5es do cotidiano com um olhar pr\u00e1tico e direto \u2014 do tipo que faz voc\u00ea pensar &#8220;por que ningu\u00e9m me contou isso antes?&#8221;<\/p>\n\n\n\n<h2 class=\"wp-block-heading\">1. Ar-condicionado com janela aberta: o erro que custa caro na conta de luz<\/h2>\n\n\n\n<p>Esse \u00e9 provavelmente o erro mais comum entre os usu\u00e1rios de ar-condicionado no Brasil \u2014 e tamb\u00e9m um dos mais custosos. Deixar a janela aberta enquanto o aparelho est\u00e1 ligado parece inofensivo, especialmente em dias de calor intenso, mas o efeito pr\u00e1tico \u00e9 devastador para o consumo de energia: o equipamento trabalha o dobro para resfriar um espa\u00e7o que continua recebendo ar quente do lado de fora.<\/p>\n\n\n\n<figure class=\"wp-block-embed is-type-wp-embed is-provider-stories-enfeite-decora wp-block-embed-stories-enfeite-decora\"><div class=\"wp-block-embed__wrapper\">\n<blockquote class=\"wp-embedded-content\" data-secret=\"J0uTOMvmUA\"><a href=\"https:\/\/enfeitedecora.com\/stories\/webstory\/ar-condicionado-com-janela-aberta-o-erro-que-custa-caro\/\">Ar-condicionado com janela aberta: o erro que custa caro<\/a><\/blockquote><iframe loading=\"lazy\" class=\"wp-embedded-content\" sandbox=\"allow-scripts\" security=\"restricted\" style=\"position: absolute; visibility: hidden;\" title=\"&#8220;Ar-condicionado com janela aberta: o erro que custa caro&#8221; &#8212; Stories | Enfeite Decora\" src=\"https:\/\/enfeitedecora.com\/stories\/webstory\/ar-condicionado-com-janela-aberta-o-erro-que-custa-caro\/embed\/#?secret=bVzzJbZFiX#?secret=J0uTOMvmUA\" data-secret=\"J0uTOMvmUA\" width=\"600\" height=\"338\" frameborder=\"0\" marginwidth=\"0\" marginheight=\"0\" scrolling=\"no\"><\/iframe>\n<\/div><\/figure>\n\n\n\n<p>O que poucos sabem \u00e9 que esse h\u00e1bito tamb\u00e9m acelera o desgaste do compressor, que \u00e9 a pe\u00e7a mais cara do aparelho. A story detalha exatamente o que acontece quando essa combina\u00e7\u00e3o \u00e9 feita, quanto isso pode representar na conta de luz ao longo do m\u00eas e quais s\u00e3o as formas corretas de ventilar o ambiente sem comprometer a efici\u00eancia do ar-condicionado.<\/p>\n\n\n\n<h2 class=\"wp-block-heading\">2. Geladeira com mau cheiro: como resolver de vez (e n\u00e3o s\u00f3 mascarar)<\/h2>\n\n\n\n<p>Bicarbonato de s\u00f3dio, lim\u00e3o, carv\u00e3o ativado \u2014 existe uma lista enorme de solu\u00e7\u00f5es caseiras para o mau cheiro na geladeira. Algumas funcionam, outras apenas disfar\u00e7am o problema por alguns dias. O que quase ningu\u00e9m faz, por\u00e9m, \u00e9 investigar a causa raiz: de onde vem o cheiro, o que no interior do equipamento favorece o ac\u00famulo de odores e por que a limpeza convencional muitas vezes n\u00e3o resolve.<\/p>\n\n\n\n<p>Essa story vai al\u00e9m da dica r\u00e1pida. Ela explica o ciclo de contamina\u00e7\u00e3o de odores dentro da geladeira, aponta os pontos mais negligenciados na hora da limpeza \u2014 como as borrachas de veda\u00e7\u00e3o e as gavetas de legumes \u2014 e apresenta uma rotina simples que, se mantida, elimina o problema de forma definitiva. Para quem convive com esse desconforto e nunca conseguiu resolver de vez, \u00e9 leitura obrigat\u00f3ria.<\/p>\n\n\n\n<p>\ud83d\udc49 <a href=\"https:\/\/enfeitedecora.com\/stories\/webstory\/geladeira-com-mau-cheiro-veja-como-resolver-de-vez\/\">Veja a story completa<\/a><\/p>\n\n\n\n<h2 class=\"wp-block-heading\">3. Pia entupida: como resolver sem gastar (e sem chamar o encanador toda vez)<\/h2>\n\n\n\n<p>Pia entupida \u00e9 uma daquelas situa\u00e7\u00f5es que todo mundo enfrenta em algum momento \u2014 e a rea\u00e7\u00e3o imediata costuma ser ou jogar produto qu\u00edmico agressivo pelo ralo ou ligar para o encanador. Mas existe um meio-termo muito mais eficiente, barato e que n\u00e3o danifica a tubula\u00e7\u00e3o.<\/p>\n\n\n\n<figure class=\"wp-block-embed is-type-wp-embed is-provider-stories-enfeite-decora wp-block-embed-stories-enfeite-decora\"><div class=\"wp-block-embed__wrapper\">\n<blockquote class=\"wp-embedded-content\" data-secret=\"NFi4RDQ7vs\"><a href=\"https:\/\/enfeitedecora.com\/stories\/webstory\/pia-entupida-veja-como-resolver-sem-gastar-muito\/\">Pia entupida? Veja como resolver sem gastar muito<\/a><\/blockquote><iframe loading=\"lazy\" class=\"wp-embedded-content\" sandbox=\"allow-scripts\" security=\"restricted\" style=\"position: absolute; visibility: hidden;\" title=\"&#8220;Pia entupida? Veja como resolver sem gastar muito&#8221; &#8212; Stories | Enfeite Decora\" src=\"https:\/\/enfeitedecora.com\/stories\/webstory\/pia-entupida-veja-como-resolver-sem-gastar-muito\/embed\/#?secret=skGCGqLrHy#?secret=NFi4RDQ7vs\" data-secret=\"NFi4RDQ7vs\" width=\"600\" height=\"338\" frameborder=\"0\" marginwidth=\"0\" marginheight=\"0\" scrolling=\"no\"><\/iframe>\n<\/div><\/figure>\n\n\n\n<p>A story apresenta um passo a passo detalhado para desentupir pia de cozinha e banheiro usando recursos que a maioria das pessoas j\u00e1 tem em casa, explicando tamb\u00e9m por que alguns m\u00e9todos populares fazem mais mal do que bem a longo prazo. Mais do que resolver o problema pontual, ela ensina a identificar os sinais de entupimento parcial antes que a situa\u00e7\u00e3o se agrave \u2014 o que pode evitar uma s\u00e9rie de transtornos e gastos desnecess\u00e1rios.<\/p>\n\n\n\n<h2 class=\"wp-block-heading\">4. Piso de taco: como limpar sem arruinar a madeira<\/h2>\n\n\n\n<p>O piso de taco voltou com for\u00e7a para a decora\u00e7\u00e3o contempor\u00e2nea, mas trouxe consigo uma d\u00favida que persiste em muitas casas: como limpar madeira no ch\u00e3o sem danific\u00e1-la? \u00c1gua em excesso, produtos inadequados e panos muito \u00famidos s\u00e3o os principais culpados pelo empenamento, manchas e perda do brilho \u2014 problemas que, uma vez instalados, s\u00e3o dif\u00edceis e caros de reverter.<\/p>\n\n\n\n<figure class=\"wp-block-embed is-type-wp-embed is-provider-stories-enfeite-decora wp-block-embed-stories-enfeite-decora\"><div class=\"wp-block-embed__wrapper\">\n<blockquote class=\"wp-embedded-content\" data-secret=\"oS6PzRTjmC\"><a href=\"https:\/\/enfeitedecora.com\/stories\/webstory\/piso-de-taco-como-limpar-sem-arruinar-a-madeira\/\">Piso de taco: como limpar sem arruinar a madeira<\/a><\/blockquote><iframe loading=\"lazy\" class=\"wp-embedded-content\" sandbox=\"allow-scripts\" security=\"restricted\" style=\"position: absolute; visibility: hidden;\" title=\"&#8220;Piso de taco: como limpar sem arruinar a madeira&#8221; &#8212; Stories | Enfeite Decora\" src=\"https:\/\/enfeitedecora.com\/stories\/webstory\/piso-de-taco-como-limpar-sem-arruinar-a-madeira\/embed\/#?secret=y0EnImDMCS#?secret=oS6PzRTjmC\" data-secret=\"oS6PzRTjmC\" width=\"600\" height=\"338\" frameborder=\"0\" marginwidth=\"0\" marginheight=\"0\" scrolling=\"no\"><\/iframe>\n<\/div><\/figure>\n\n\n\n<p>Essa story \u00e9 um guia completo de manuten\u00e7\u00e3o para quem tem ou est\u00e1 pensando em ter piso de taco. Ela explica quais produtos s\u00e3o seguros, qual a frequ\u00eancia ideal de limpeza \u00famida, como agir em casos de manchas espec\u00edficas (\u00e1gua, gordura, tinta) e quais cuidados preventivos prolongam significativamente a vida \u00fatil do piso. Para quem investiu nesse tipo de revestimento, \u00e9 o tipo de informa\u00e7\u00e3o que economiza muito dinheiro a longo prazo.<\/p>\n\n\n\n<h2 class=\"wp-block-heading\">5. Dist\u00e2ncia da TV ao sof\u00e1: o detalhe que define o conforto \u2014 e a sa\u00fade \u2014 da sua sala<\/h2>\n\n\n\n<p>Esse \u00e9 um dos erros mais silenciosos na decora\u00e7\u00e3o de salas de estar. A dist\u00e2ncia entre a TV e o sof\u00e1 raramente \u00e9 calculada com crit\u00e9rio \u2014 na maioria das vezes, os m\u00f3veis s\u00e3o posicionados por intui\u00e7\u00e3o ou por limita\u00e7\u00e3o do espa\u00e7o dispon\u00edvel. O resultado pr\u00e1tico \u00e9 uma experi\u00eancia de uso que pode variar entre desconfort\u00e1vel e prejudicial \u00e0 vis\u00e3o, dependendo do tamanho da tela e da resolu\u00e7\u00e3o do aparelho.<\/p>\n\n\n\n<figure class=\"wp-block-embed is-type-wp-embed is-provider-stories-enfeite-decora wp-block-embed-stories-enfeite-decora\"><div class=\"wp-block-embed__wrapper\">\n<blockquote class=\"wp-embedded-content\" data-secret=\"NFM4oqz05k\"><a href=\"https:\/\/enfeitedecora.com\/stories\/webstory\/distancia-da-tv-ao-sofa-o-detalhe-que-define-o-conforto-da-sala\/\">Dist\u00e2ncia da TV ao sof\u00e1: o detalhe que define o conforto da sala<\/a><\/blockquote><iframe loading=\"lazy\" class=\"wp-embedded-content\" sandbox=\"allow-scripts\" security=\"restricted\" style=\"position: absolute; visibility: hidden;\" title=\"&#8220;Dist\u00e2ncia da TV ao sof\u00e1: o detalhe que define o conforto da sala&#8221; &#8212; Stories | Enfeite Decora\" src=\"https:\/\/enfeitedecora.com\/stories\/webstory\/distancia-da-tv-ao-sofa-o-detalhe-que-define-o-conforto-da-sala\/embed\/#?secret=eyZLB7KM1k#?secret=NFM4oqz05k\" data-secret=\"NFM4oqz05k\" width=\"600\" height=\"338\" frameborder=\"0\" marginwidth=\"0\" marginheight=\"0\" scrolling=\"no\"><\/iframe>\n<\/div><\/figure>\n\n\n\n<p>Existe uma f\u00f3rmula simples para calcular a dist\u00e2ncia ideal, que leva em conta o tamanho da TV em polegadas e a resolu\u00e7\u00e3o (Full HD, 4K ou 8K). A story explica esse c\u00e1lculo de forma did\u00e1tica, com exemplos para os tamanhos de tela mais comuns no mercado brasileiro, e ainda aborda como a altura de instala\u00e7\u00e3o da TV influencia a postura do pesco\u00e7o durante sess\u00f5es longas de uso. Um ajuste pequeno que pode fazer uma diferen\u00e7a enorme no conforto di\u00e1rio.<\/p>\n\n\n\n<hr class=\"wp-block-separator has-alpha-channel-opacity\"\/>\n\n\n\n<p><strong>Evitar erros em casa come\u00e7a por conhec\u00ea-los. Continue <a href=\"https:\/\/enfeitedecora.com\/stories\/webstory\/\">explorando nossas Web Stories<\/a> e descubra muito mais dicas pr\u00e1ticas para o seu dia a dia.<\/strong><\/p>\n","protected":false},"excerpt":{"rendered":"<p>Alguns problemas dom\u00e9sticos parecem pequenos, mas se ignorados podem virar dor de cabe\u00e7a (e preju\u00edzo) de verdade. Em outros casos, o erro est\u00e1 num h\u00e1bito t\u00e3o enraizado que a gente &#8230;<\/p>\n","protected":false},"author":1,"featured_media":3269,"comment_status":"closed","ping_status":"open","sticky":false,"template":"","format":"standard","meta":{"footnotes":""},"categories":[11],"tags":[],"class_list":["post-3302","post","type-post","status-publish","format-standard","has-post-thumbnail","hentry","category-publicacoes"],"yoast_head":"<!-- This site is optimized with the Yoast SEO plugin v27.4 - https:\/\/yoast.com\/product\/yoast-seo-wordpress\/ -->\n<title>5 erros comuns em casa que custam caro e como evitar cada um deles | Stories | Enfeite Decora<\/title>\n<meta name=\"robots\" content=\"index, follow, max-snippet:-1, max-image-preview:large, max-video-preview:-1\" \/>\n<link rel=\"canonical\" href=\"https:\/\/enfeitedecora.com\/stories\/5-erros-comuns-em-casa-que-custam-caro-e-como-evitar-cada-um-deles\/\" \/>\n<meta property=\"og:locale\" content=\"pt_BR\" \/>\n<meta property=\"og:type\" content=\"article\" \/>\n<meta property=\"og:title\" content=\"5 erros comuns em casa que custam caro e como evitar cada um deles | Stories | Enfeite Decora\" \/>\n<meta property=\"og:description\" content=\"Alguns problemas dom\u00e9sticos parecem pequenos, mas se ignorados podem virar dor de cabe\u00e7a (e preju\u00edzo) de verdade. Em outros casos, o erro est\u00e1 num h\u00e1bito t\u00e3o enraizado que a gente ...\" \/>\n<meta property=\"og:url\" content=\"https:\/\/enfeitedecora.com\/stories\/5-erros-comuns-em-casa-que-custam-caro-e-como-evitar-cada-um-deles\/\" \/>\n<meta property=\"og:site_name\" content=\"Stories | Enfeite Decora\" \/>\n<meta property=\"article:publisher\" content=\"https:\/\/facebook.com\/enfeitedecora\" \/>\n<meta property=\"article:published_time\" content=\"2026-04-03T21:28:21+00:00\" \/>\n<meta property=\"article:modified_time\" content=\"2026-04-03T21:28:23+00:00\" \/>\n<meta property=\"og:image\" content=\"https:\/\/enfeitedecora.com\/stories\/wp-content\/uploads\/2026\/04\/decoracao-apartamento-alugado-2-1200x680-1.webp\" \/>\n\t<meta property=\"og:image:width\" content=\"1200\" \/>\n\t<meta property=\"og:image:height\" content=\"680\" \/>\n\t<meta property=\"og:image:type\" content=\"image\/webp\" \/>\n<meta name=\"author\" content=\"Enfeite Decora\" \/>\n<meta name=\"twitter:card\" content=\"summary_large_image\" \/>\n<meta name=\"twitter:label1\" content=\"Escrito por\" \/>\n\t<meta name=\"twitter:data1\" content=\"Enfeite Decora\" \/>\n\t<meta name=\"twitter:label2\" content=\"Est. tempo de leitura\" \/>\n\t<meta name=\"twitter:data2\" content=\"5 minutos\" \/>\n<script type=\"application\/ld+json\" class=\"yoast-schema-graph\">{\"@context\":\"https:\\\/\\\/schema.org\",\"@graph\":[{\"@type\":\"Article\",\"@id\":\"https:\\\/\\\/enfeitedecora.com\\\/stories\\\/5-erros-comuns-em-casa-que-custam-caro-e-como-evitar-cada-um-deles\\\/#article\",\"isPartOf\":{\"@id\":\"https:\\\/\\\/enfeitedecora.com\\\/stories\\\/5-erros-comuns-em-casa-que-custam-caro-e-como-evitar-cada-um-deles\\\/\"},\"author\":{\"name\":\"Enfeite Decora\",\"@id\":\"https:\\\/\\\/enfeitedecora.com\\\/stories\\\/#\\\/schema\\\/person\\\/9b0d820009848f2d495963fd1e1d84ca\"},\"headline\":\"5 erros comuns em casa que custam caro e como evitar cada um deles\",\"datePublished\":\"2026-04-03T21:28:21+00:00\",\"dateModified\":\"2026-04-03T21:28:23+00:00\",\"mainEntityOfPage\":{\"@id\":\"https:\\\/\\\/enfeitedecora.com\\\/stories\\\/5-erros-comuns-em-casa-que-custam-caro-e-como-evitar-cada-um-deles\\\/\"},\"wordCount\":929,\"publisher\":{\"@id\":\"https:\\\/\\\/enfeitedecora.com\\\/stories\\\/#organization\"},\"image\":{\"@id\":\"https:\\\/\\\/enfeitedecora.com\\\/stories\\\/5-erros-comuns-em-casa-que-custam-caro-e-como-evitar-cada-um-deles\\\/#primaryimage\"},\"thumbnailUrl\":\"https:\\\/\\\/enfeitedecora.com\\\/stories\\\/wp-content\\\/uploads\\\/2026\\\/04\\\/decoracao-apartamento-alugado-2-1200x680-1.webp\",\"articleSection\":[\"Publica\u00e7\u00f5es\"],\"inLanguage\":\"pt-BR\"},{\"@type\":\"WebPage\",\"@id\":\"https:\\\/\\\/enfeitedecora.com\\\/stories\\\/5-erros-comuns-em-casa-que-custam-caro-e-como-evitar-cada-um-deles\\\/\",\"url\":\"https:\\\/\\\/enfeitedecora.com\\\/stories\\\/5-erros-comuns-em-casa-que-custam-caro-e-como-evitar-cada-um-deles\\\/\",\"name\":\"5 erros comuns em casa que custam caro e como evitar cada um deles | Stories | Enfeite Decora\",\"isPartOf\":{\"@id\":\"https:\\\/\\\/enfeitedecora.com\\\/stories\\\/#website\"},\"primaryImageOfPage\":{\"@id\":\"https:\\\/\\\/enfeitedecora.com\\\/stories\\\/5-erros-comuns-em-casa-que-custam-caro-e-como-evitar-cada-um-deles\\\/#primaryimage\"},\"image\":{\"@id\":\"https:\\\/\\\/enfeitedecora.com\\\/stories\\\/5-erros-comuns-em-casa-que-custam-caro-e-como-evitar-cada-um-deles\\\/#primaryimage\"},\"thumbnailUrl\":\"https:\\\/\\\/enfeitedecora.com\\\/stories\\\/wp-content\\\/uploads\\\/2026\\\/04\\\/decoracao-apartamento-alugado-2-1200x680-1.webp\",\"datePublished\":\"2026-04-03T21:28:21+00:00\",\"dateModified\":\"2026-04-03T21:28:23+00:00\",\"breadcrumb\":{\"@id\":\"https:\\\/\\\/enfeitedecora.com\\\/stories\\\/5-erros-comuns-em-casa-que-custam-caro-e-como-evitar-cada-um-deles\\\/#breadcrumb\"},\"inLanguage\":\"pt-BR\",\"potentialAction\":[{\"@type\":\"ReadAction\",\"target\":[\"https:\\\/\\\/enfeitedecora.com\\\/stories\\\/5-erros-comuns-em-casa-que-custam-caro-e-como-evitar-cada-um-deles\\\/\"]}]},{\"@type\":\"ImageObject\",\"inLanguage\":\"pt-BR\",\"@id\":\"https:\\\/\\\/enfeitedecora.com\\\/stories\\\/5-erros-comuns-em-casa-que-custam-caro-e-como-evitar-cada-um-deles\\\/#primaryimage\",\"url\":\"https:\\\/\\\/enfeitedecora.com\\\/stories\\\/wp-content\\\/uploads\\\/2026\\\/04\\\/decoracao-apartamento-alugado-2-1200x680-1.webp\",\"contentUrl\":\"https:\\\/\\\/enfeitedecora.com\\\/stories\\\/wp-content\\\/uploads\\\/2026\\\/04\\\/decoracao-apartamento-alugado-2-1200x680-1.webp\",\"width\":1200,\"height\":680,\"caption\":\"decoracao-apartamento-alugado-2-1200x680\"},{\"@type\":\"BreadcrumbList\",\"@id\":\"https:\\\/\\\/enfeitedecora.com\\\/stories\\\/5-erros-comuns-em-casa-que-custam-caro-e-como-evitar-cada-um-deles\\\/#breadcrumb\",\"itemListElement\":[{\"@type\":\"ListItem\",\"position\":1,\"name\":\"In\u00edcio\",\"item\":\"https:\\\/\\\/enfeitedecora.com\\\/stories\\\/\"},{\"@type\":\"ListItem\",\"position\":2,\"name\":\"5 erros comuns em casa que custam caro e como evitar cada um deles\"}]},{\"@type\":\"WebSite\",\"@id\":\"https:\\\/\\\/enfeitedecora.com\\\/stories\\\/#website\",\"url\":\"https:\\\/\\\/enfeitedecora.com\\\/stories\\\/\",\"name\":\"Stories | Enfeite Decora\",\"description\":\"\",\"publisher\":{\"@id\":\"https:\\\/\\\/enfeitedecora.com\\\/stories\\\/#organization\"},\"potentialAction\":[{\"@type\":\"SearchAction\",\"target\":{\"@type\":\"EntryPoint\",\"urlTemplate\":\"https:\\\/\\\/enfeitedecora.com\\\/stories\\\/?s={search_term_string}\"},\"query-input\":{\"@type\":\"PropertyValueSpecification\",\"valueRequired\":true,\"valueName\":\"search_term_string\"}}],\"inLanguage\":\"pt-BR\"},{\"@type\":\"Organization\",\"@id\":\"https:\\\/\\\/enfeitedecora.com\\\/stories\\\/#organization\",\"name\":\"Enfeite Decora\",\"url\":\"https:\\\/\\\/enfeitedecora.com\\\/stories\\\/\",\"logo\":{\"@type\":\"ImageObject\",\"inLanguage\":\"pt-BR\",\"@id\":\"https:\\\/\\\/enfeitedecora.com\\\/stories\\\/#\\\/schema\\\/logo\\\/image\\\/\",\"url\":\"https:\\\/\\\/enfeitedecora.com\\\/stories\\\/wp-content\\\/uploads\\\/2025\\\/10\\\/Logo_1614472736542_1614473478595_2-removebg-preview.png\",\"contentUrl\":\"https:\\\/\\\/enfeitedecora.com\\\/stories\\\/wp-content\\\/uploads\\\/2025\\\/10\\\/Logo_1614472736542_1614473478595_2-removebg-preview.png\",\"width\":498,\"height\":501,\"caption\":\"Enfeite Decora\"},\"image\":{\"@id\":\"https:\\\/\\\/enfeitedecora.com\\\/stories\\\/#\\\/schema\\\/logo\\\/image\\\/\"},\"sameAs\":[\"https:\\\/\\\/facebook.com\\\/enfeitedecora\"]},{\"@type\":\"Person\",\"@id\":\"https:\\\/\\\/enfeitedecora.com\\\/stories\\\/#\\\/schema\\\/person\\\/9b0d820009848f2d495963fd1e1d84ca\",\"name\":\"Enfeite Decora\",\"image\":{\"@type\":\"ImageObject\",\"inLanguage\":\"pt-BR\",\"@id\":\"https:\\\/\\\/enfeitedecora.com\\\/stories\\\/wp-content\\\/litespeed\\\/avatar\\\/f3bcdc045383ee3c85d2910fa25676a0.jpg?ver=1777484027\",\"url\":\"https:\\\/\\\/enfeitedecora.com\\\/stories\\\/wp-content\\\/litespeed\\\/avatar\\\/f3bcdc045383ee3c85d2910fa25676a0.jpg?ver=1777484027\",\"contentUrl\":\"https:\\\/\\\/enfeitedecora.com\\\/stories\\\/wp-content\\\/litespeed\\\/avatar\\\/f3bcdc045383ee3c85d2910fa25676a0.jpg?ver=1777484027\",\"caption\":\"Enfeite Decora\"},\"description\":\"O Enfeitedecora \u00e9 uma plataforma de conte\u00fado especializado dedicada a traduzir o universo da arquitetura, do design de interiores e do paisagismo em solu\u00e7\u00f5es pr\u00e1ticas e inspiradoras. O projeto \u00e9 idealizado e fundado por Cl\u00e1udio P. Filla e realizado pela Editora CFILLA (CNPJ: 47.923.569\\\/0001-92). Nossa Lideran\u00e7a e Vis\u00e3o Multidisciplinar Com quase 11 anos de experi\u00eancia no mercado de comunica\u00e7\u00e3o e m\u00eddias digitais, Cl\u00e1udio P. Filla atua como Editor-chefe e Estrategista de Conte\u00fado. Sua trajet\u00f3ria inclui a reda\u00e7\u00e3o especializada em portais de relev\u00e2ncia nacional, como o Agro na M\u00eddia, o que confere ao Enfeitedecora uma vis\u00e3o multidisciplinar \u00fanica: a uni\u00e3o entre o conhecimento t\u00e9cnico do setor produtivo e paisag\u00edstico com a sofistica\u00e7\u00e3o do design urbano.\",\"sameAs\":[\"https:\\\/\\\/enfeitedecora.com\\\/stories\"],\"url\":\"https:\\\/\\\/enfeitedecora.com\\\/stories\\\/author\\\/enfeitedecoraadm\\\/\"}]}<\/script>\n<!-- \/ Yoast SEO plugin. -->","yoast_head_json":{"title":"5 erros comuns em casa que custam caro e como evitar cada um deles | Stories | Enfeite Decora","robots":{"index":"index","follow":"follow","max-snippet":"max-snippet:-1","max-image-preview":"max-image-preview:large","max-video-preview":"max-video-preview:-1"},"canonical":"https:\/\/enfeitedecora.com\/stories\/5-erros-comuns-em-casa-que-custam-caro-e-como-evitar-cada-um-deles\/","og_locale":"pt_BR","og_type":"article","og_title":"5 erros comuns em casa que custam caro e como evitar cada um deles | Stories | Enfeite Decora","og_description":"Alguns problemas dom\u00e9sticos parecem pequenos, mas se ignorados podem virar dor de cabe\u00e7a (e preju\u00edzo) de verdade. Em outros casos, o erro est\u00e1 num h\u00e1bito t\u00e3o enraizado que a gente ...","og_url":"https:\/\/enfeitedecora.com\/stories\/5-erros-comuns-em-casa-que-custam-caro-e-como-evitar-cada-um-deles\/","og_site_name":"Stories | Enfeite Decora","article_publisher":"https:\/\/facebook.com\/enfeitedecora","article_published_time":"2026-04-03T21:28:21+00:00","article_modified_time":"2026-04-03T21:28:23+00:00","og_image":[{"width":1200,"height":680,"url":"https:\/\/enfeitedecora.com\/stories\/wp-content\/uploads\/2026\/04\/decoracao-apartamento-alugado-2-1200x680-1.webp","type":"image\/webp"}],"author":"Enfeite Decora","twitter_card":"summary_large_image","twitter_misc":{"Escrito por":"Enfeite Decora","Est. tempo de leitura":"5 minutos"},"schema":{"@context":"https:\/\/schema.org","@graph":[{"@type":"Article","@id":"https:\/\/enfeitedecora.com\/stories\/5-erros-comuns-em-casa-que-custam-caro-e-como-evitar-cada-um-deles\/#article","isPartOf":{"@id":"https:\/\/enfeitedecora.com\/stories\/5-erros-comuns-em-casa-que-custam-caro-e-como-evitar-cada-um-deles\/"},"author":{"name":"Enfeite Decora","@id":"https:\/\/enfeitedecora.com\/stories\/#\/schema\/person\/9b0d820009848f2d495963fd1e1d84ca"},"headline":"5 erros comuns em casa que custam caro e como evitar cada um deles","datePublished":"2026-04-03T21:28:21+00:00","dateModified":"2026-04-03T21:28:23+00:00","mainEntityOfPage":{"@id":"https:\/\/enfeitedecora.com\/stories\/5-erros-comuns-em-casa-que-custam-caro-e-como-evitar-cada-um-deles\/"},"wordCount":929,"publisher":{"@id":"https:\/\/enfeitedecora.com\/stories\/#organization"},"image":{"@id":"https:\/\/enfeitedecora.com\/stories\/5-erros-comuns-em-casa-que-custam-caro-e-como-evitar-cada-um-deles\/#primaryimage"},"thumbnailUrl":"https:\/\/enfeitedecora.com\/stories\/wp-content\/uploads\/2026\/04\/decoracao-apartamento-alugado-2-1200x680-1.webp","articleSection":["Publica\u00e7\u00f5es"],"inLanguage":"pt-BR"},{"@type":"WebPage","@id":"https:\/\/enfeitedecora.com\/stories\/5-erros-comuns-em-casa-que-custam-caro-e-como-evitar-cada-um-deles\/","url":"https:\/\/enfeitedecora.com\/stories\/5-erros-comuns-em-casa-que-custam-caro-e-como-evitar-cada-um-deles\/","name":"5 erros comuns em casa que custam caro e como evitar cada um deles | Stories | Enfeite Decora","isPartOf":{"@id":"https:\/\/enfeitedecora.com\/stories\/#website"},"primaryImageOfPage":{"@id":"https:\/\/enfeitedecora.com\/stories\/5-erros-comuns-em-casa-que-custam-caro-e-como-evitar-cada-um-deles\/#primaryimage"},"image":{"@id":"https:\/\/enfeitedecora.com\/stories\/5-erros-comuns-em-casa-que-custam-caro-e-como-evitar-cada-um-deles\/#primaryimage"},"thumbnailUrl":"https:\/\/enfeitedecora.com\/stories\/wp-content\/uploads\/2026\/04\/decoracao-apartamento-alugado-2-1200x680-1.webp","datePublished":"2026-04-03T21:28:21+00:00","dateModified":"2026-04-03T21:28:23+00:00","breadcrumb":{"@id":"https:\/\/enfeitedecora.com\/stories\/5-erros-comuns-em-casa-que-custam-caro-e-como-evitar-cada-um-deles\/#breadcrumb"},"inLanguage":"pt-BR","potentialAction":[{"@type":"ReadAction","target":["https:\/\/enfeitedecora.com\/stories\/5-erros-comuns-em-casa-que-custam-caro-e-como-evitar-cada-um-deles\/"]}]},{"@type":"ImageObject","inLanguage":"pt-BR","@id":"https:\/\/enfeitedecora.com\/stories\/5-erros-comuns-em-casa-que-custam-caro-e-como-evitar-cada-um-deles\/#primaryimage","url":"https:\/\/enfeitedecora.com\/stories\/wp-content\/uploads\/2026\/04\/decoracao-apartamento-alugado-2-1200x680-1.webp","contentUrl":"https:\/\/enfeitedecora.com\/stories\/wp-content\/uploads\/2026\/04\/decoracao-apartamento-alugado-2-1200x680-1.webp","width":1200,"height":680,"caption":"decoracao-apartamento-alugado-2-1200x680"},{"@type":"BreadcrumbList","@id":"https:\/\/enfeitedecora.com\/stories\/5-erros-comuns-em-casa-que-custam-caro-e-como-evitar-cada-um-deles\/#breadcrumb","itemListElement":[{"@type":"ListItem","position":1,"name":"In\u00edcio","item":"https:\/\/enfeitedecora.com\/stories\/"},{"@type":"ListItem","position":2,"name":"5 erros comuns em casa que custam caro e como evitar cada um deles"}]},{"@type":"WebSite","@id":"https:\/\/enfeitedecora.com\/stories\/#website","url":"https:\/\/enfeitedecora.com\/stories\/","name":"Stories | Enfeite Decora","description":"","publisher":{"@id":"https:\/\/enfeitedecora.com\/stories\/#organization"},"potentialAction":[{"@type":"SearchAction","target":{"@type":"EntryPoint","urlTemplate":"https:\/\/enfeitedecora.com\/stories\/?s={search_term_string}"},"query-input":{"@type":"PropertyValueSpecification","valueRequired":true,"valueName":"search_term_string"}}],"inLanguage":"pt-BR"},{"@type":"Organization","@id":"https:\/\/enfeitedecora.com\/stories\/#organization","name":"Enfeite Decora","url":"https:\/\/enfeitedecora.com\/stories\/","logo":{"@type":"ImageObject","inLanguage":"pt-BR","@id":"https:\/\/enfeitedecora.com\/stories\/#\/schema\/logo\/image\/","url":"https:\/\/enfeitedecora.com\/stories\/wp-content\/uploads\/2025\/10\/Logo_1614472736542_1614473478595_2-removebg-preview.png","contentUrl":"https:\/\/enfeitedecora.com\/stories\/wp-content\/uploads\/2025\/10\/Logo_1614472736542_1614473478595_2-removebg-preview.png","width":498,"height":501,"caption":"Enfeite Decora"},"image":{"@id":"https:\/\/enfeitedecora.com\/stories\/#\/schema\/logo\/image\/"},"sameAs":["https:\/\/facebook.com\/enfeitedecora"]},{"@type":"Person","@id":"https:\/\/enfeitedecora.com\/stories\/#\/schema\/person\/9b0d820009848f2d495963fd1e1d84ca","name":"Enfeite Decora","image":{"@type":"ImageObject","inLanguage":"pt-BR","@id":"https:\/\/enfeitedecora.com\/stories\/wp-content\/litespeed\/avatar\/f3bcdc045383ee3c85d2910fa25676a0.jpg?ver=1777484027","url":"https:\/\/enfeitedecora.com\/stories\/wp-content\/litespeed\/avatar\/f3bcdc045383ee3c85d2910fa25676a0.jpg?ver=1777484027","contentUrl":"https:\/\/enfeitedecora.com\/stories\/wp-content\/litespeed\/avatar\/f3bcdc045383ee3c85d2910fa25676a0.jpg?ver=1777484027","caption":"Enfeite Decora"},"description":"O Enfeitedecora \u00e9 uma plataforma de conte\u00fado especializado dedicada a traduzir o universo da arquitetura, do design de interiores e do paisagismo em solu\u00e7\u00f5es pr\u00e1ticas e inspiradoras. O projeto \u00e9 idealizado e fundado por Cl\u00e1udio P. Filla e realizado pela Editora CFILLA (CNPJ: 47.923.569\/0001-92). Nossa Lideran\u00e7a e Vis\u00e3o Multidisciplinar Com quase 11 anos de experi\u00eancia no mercado de comunica\u00e7\u00e3o e m\u00eddias digitais, Cl\u00e1udio P. Filla atua como Editor-chefe e Estrategista de Conte\u00fado. Sua trajet\u00f3ria inclui a reda\u00e7\u00e3o especializada em portais de relev\u00e2ncia nacional, como o Agro na M\u00eddia, o que confere ao Enfeitedecora uma vis\u00e3o multidisciplinar \u00fanica: a uni\u00e3o entre o conhecimento t\u00e9cnico do setor produtivo e paisag\u00edstico com a sofistica\u00e7\u00e3o do design urbano.","sameAs":["https:\/\/enfeitedecora.com\/stories"],"url":"https:\/\/enfeitedecora.com\/stories\/author\/enfeitedecoraadm\/"}]}},"_links":{"self":[{"href":"https:\/\/enfeitedecora.com\/stories\/wp-json\/wp\/v2\/posts\/3302","targetHints":{"allow":["GET"]}}],"collection":[{"href":"https:\/\/enfeitedecora.com\/stories\/wp-json\/wp\/v2\/posts"}],"about":[{"href":"https:\/\/enfeitedecora.com\/stories\/wp-json\/wp\/v2\/types\/post"}],"author":[{"embeddable":true,"href":"https:\/\/enfeitedecora.com\/stories\/wp-json\/wp\/v2\/users\/1"}],"replies":[{"embeddable":true,"href":"https:\/\/enfeitedecora.com\/stories\/wp-json\/wp\/v2\/comments?post=3302"}],"version-history":[{"count":1,"href":"https:\/\/enfeitedecora.com\/stories\/wp-json\/wp\/v2\/posts\/3302\/revisions"}],"predecessor-version":[{"id":3303,"href":"https:\/\/enfeitedecora.com\/stories\/wp-json\/wp\/v2\/posts\/3302\/revisions\/3303"}],"wp:featuredmedia":[{"embeddable":true,"href":"https:\/\/enfeitedecora.com\/stories\/wp-json\/wp\/v2\/media\/3269"}],"wp:attachment":[{"href":"https:\/\/enfeitedecora.com\/stories\/wp-json\/wp\/v2\/media?parent=3302"}],"wp:term":[{"taxonomy":"category","embeddable":true,"href":"https:\/\/enfeitedecora.com\/stories\/wp-json\/wp\/v2\/categories?post=3302"},{"taxonomy":"post_tag","embeddable":true,"href":"https:\/\/enfeitedecora.com\/stories\/wp-json\/wp\/v2\/tags?post=3302"}],"curies":[{"name":"wp","href":"https:\/\/api.w.org\/{rel}","templated":true}]}}