{"id":3232,"date":"2026-04-01T10:10:13","date_gmt":"2026-04-01T13:10:13","guid":{"rendered":"https:\/\/enfeitedecora.com\/stories\/?p=3232"},"modified":"2026-04-01T10:10:14","modified_gmt":"2026-04-01T13:10:14","slug":"5-conceitos-de-decoracao-que-mudam-a-forma-como-voce-olha-para-a-sua-casa","status":"publish","type":"post","link":"https:\/\/enfeitedecora.com\/stories\/5-conceitos-de-decoracao-que-mudam-a-forma-como-voce-olha-para-a-sua-casa\/","title":{"rendered":"5 conceitos de decora\u00e7\u00e3o que mudam a forma como voc\u00ea olha para a sua casa"},"content":{"rendered":"\n<p>Decorar n\u00e3o \u00e9 s\u00f3 escolher m\u00f3veis e cores. \u00c9 entender como os espa\u00e7os funcionam, o que eles comunicam e de que forma pequenas decis\u00f5es impactam o dia a dia de quem vive neles. <\/p>\n\n\n\n<p>A seguir, reunimos 5 Web Stories do <a href=\"https:\/\/enfeitedecora.com\">Enfeite Decora<\/a> que v\u00e3o al\u00e9m das dicas pr\u00e1ticas e convidam voc\u00ea a repensar a rela\u00e7\u00e3o com a pr\u00f3pria casa \u2014 \u00e0s vezes de um jeito que voc\u00ea n\u00e3o esperava.<\/p>\n\n\n\n<h2 class=\"wp-block-heading\">1. A regra dos 80\/20 que transforma casas comuns em lares com alma<\/h2>\n\n\n\n<p>Voc\u00ea provavelmente conhece a regra dos 80\/20 aplicada a neg\u00f3cios ou produtividade. Mas ela tamb\u00e9m funciona na decora\u00e7\u00e3o \u2014 e de forma surpreendente. O princ\u00edpio \u00e9 simples: 80% do ambiente deve ser composto por elementos neutros, funcionais e atemporais, enquanto os outros 20% ficam reservados para pe\u00e7as com personalidade, cor ou ousadia.<\/p>\n\n\n\n<figure class=\"wp-block-embed is-type-wp-embed is-provider-stories-enfeite-decora wp-block-embed-stories-enfeite-decora\"><div class=\"wp-block-embed__wrapper\">\n<blockquote class=\"wp-embedded-content\" data-secret=\"DKYMO8qPQY\"><a href=\"https:\/\/enfeitedecora.com\/stories\/webstory\/a-regra-dos-80-20-que-transforma-casas-comuns-em-lares-com-alma\/\">A regra dos 80\/20 que transforma casas comuns em lares com alma<\/a><\/blockquote><iframe loading=\"lazy\" class=\"wp-embedded-content\" sandbox=\"allow-scripts\" security=\"restricted\" style=\"position: absolute; visibility: hidden;\" title=\"&#8220;A regra dos 80\/20 que transforma casas comuns em lares com alma&#8221; &#8212; Stories | Enfeite Decora\" src=\"https:\/\/enfeitedecora.com\/stories\/webstory\/a-regra-dos-80-20-que-transforma-casas-comuns-em-lares-com-alma\/embed\/#?secret=sO3Mfbq1ix#?secret=DKYMO8qPQY\" data-secret=\"DKYMO8qPQY\" width=\"600\" height=\"338\" frameborder=\"0\" marginwidth=\"0\" marginheight=\"0\" scrolling=\"no\"><\/iframe>\n<\/div><\/figure>\n\n\n\n<p>Essa propor\u00e7\u00e3o evita dois dos erros mais comuns na decora\u00e7\u00e3o: o ambiente gen\u00e9rico demais, onde tudo \u00e9 seguro e nada chama aten\u00e7\u00e3o, e o ambiente sobrecarregado, onde tantos elementos disputam foco que nenhum se destaca de verdade. Quando a regra \u00e9 aplicada com consci\u00eancia, o resultado \u00e9 um espa\u00e7o que parece coeso, intencionalmente decorado \u2014 e com identidade clara.<\/p>\n\n\n\n<h2 class=\"wp-block-heading\">2. Voc\u00ea n\u00e3o precisa quebrar paredes para renovar sua casa<\/h2>\n\n\n\n<p>Existe um equ\u00edvoco muito comum: o de que transformar um ambiente exige necessariamente obra, dinheiro e transtorno. Essa story desmonta essa ideia mostrando que, na maioria das vezes, o que faz uma casa parecer renovada \u00e9 muito mais simples \u2014 e est\u00e1 ao alcance de qualquer pessoa.<\/p>\n\n\n\n<figure class=\"wp-block-embed is-type-wp-embed is-provider-stories-enfeite-decora wp-block-embed-stories-enfeite-decora\"><div class=\"wp-block-embed__wrapper\">\n<blockquote class=\"wp-embedded-content\" data-secret=\"HPiIRqjxSZ\"><a href=\"https:\/\/enfeitedecora.com\/stories\/webstory\/voce-nao-precisa-quebrar-paredes-para-renovar-sua-casa-as-vezes-basta-um-vaso-no-lugar-certo\/\">Voc\u00ea n\u00e3o precisa quebrar paredes para renovar sua casa \u2014 \u00e0s vezes, basta um vaso no lugar certo.<\/a><\/blockquote><iframe loading=\"lazy\" class=\"wp-embedded-content\" sandbox=\"allow-scripts\" security=\"restricted\" style=\"position: absolute; visibility: hidden;\" title=\"&#8220;Voc\u00ea n\u00e3o precisa quebrar paredes para renovar sua casa \u2014 \u00e0s vezes, basta um vaso no lugar certo.&#8221; &#8212; Stories | Enfeite Decora\" src=\"https:\/\/enfeitedecora.com\/stories\/webstory\/voce-nao-precisa-quebrar-paredes-para-renovar-sua-casa-as-vezes-basta-um-vaso-no-lugar-certo\/embed\/#?secret=PspxkyQo8U#?secret=HPiIRqjxSZ\" data-secret=\"HPiIRqjxSZ\" width=\"600\" height=\"338\" frameborder=\"0\" marginwidth=\"0\" marginheight=\"0\" scrolling=\"no\"><\/iframe>\n<\/div><\/figure>\n\n\n\n<p>Um vaso no lugar certo. Uma lumin\u00e1ria trocada. Um quadro reposicionado. Objetos que j\u00e1 existem na casa mas nunca foram usados com inten\u00e7\u00e3o. S\u00e3o esses ajustes pontuais, feitos com olhar cuidadoso, que mudam a leitura de um ambiente sem mover uma parede sequer. A story \u00e9 um convite para olhar para a pr\u00f3pria casa com mais aten\u00e7\u00e3o antes de pegar o telefone para chamar o pedreiro.<\/p>\n\n\n\n<h2 class=\"wp-block-heading\">3. O que a sua casa diz sobre o seu relacionamento<\/h2>\n\n\n\n<p>Essa \u00e9 uma das perspectivas mais incomuns \u2014 e mais instigantes \u2014 que a decora\u00e7\u00e3o pode oferecer. A forma como duas pessoas dividem um espa\u00e7o revela muito sobre como elas negociam, cedem, imp\u00f5em e constroem juntas. Quem decide a cor da parede? Quem escolhe o sof\u00e1? Quem abre m\u00e3o do estilo que preferia?<\/p>\n\n\n\n<figure class=\"wp-block-embed is-type-wp-embed is-provider-stories-enfeite-decora wp-block-embed-stories-enfeite-decora\"><div class=\"wp-block-embed__wrapper\">\n<blockquote class=\"wp-embedded-content\" data-secret=\"ZdPine9va6\"><a href=\"https:\/\/enfeitedecora.com\/stories\/webstory\/o-que-a-sua-casa-diz-sobre-o-seu-relacionamento\/\">O que a sua casa diz sobre o seu relacionamento<\/a><\/blockquote><iframe loading=\"lazy\" class=\"wp-embedded-content\" sandbox=\"allow-scripts\" security=\"restricted\" style=\"position: absolute; visibility: hidden;\" title=\"&#8220;O que a sua casa diz sobre o seu relacionamento&#8221; &#8212; Stories | Enfeite Decora\" src=\"https:\/\/enfeitedecora.com\/stories\/webstory\/o-que-a-sua-casa-diz-sobre-o-seu-relacionamento\/embed\/#?secret=QDvGGGPCQ0#?secret=ZdPine9va6\" data-secret=\"ZdPine9va6\" width=\"600\" height=\"338\" frameborder=\"0\" marginwidth=\"0\" marginheight=\"0\" scrolling=\"no\"><\/iframe>\n<\/div><\/figure>\n\n\n\n<p>Essas escolhas, muitas vezes feitas no piloto autom\u00e1tico, carregam camadas de comunica\u00e7\u00e3o e din\u00e2mica afetiva. Essa story n\u00e3o \u00e9 um teste de compatibilidade \u2014 \u00e9 uma reflex\u00e3o genu\u00edna sobre como o ambiente dom\u00e9stico espelha (e influencia) os relacionamentos de quem vive nele. Vale muito a leitura, especialmente para casais que est\u00e3o montando ou repensando a casa juntos.<\/p>\n\n\n\n<h2 class=\"wp-block-heading\">4. A nova l\u00f3gica decorativa: menos flores, mais impacto visual<\/h2>\n\n\n\n<p>Durante muito tempo, flores foram o recurso padr\u00e3o para dar vida e cor aos ambientes. Mas a decora\u00e7\u00e3o contempor\u00e2nea tem adotado uma abordagem diferente \u2014 e mais duradoura. Em vez de buqu\u00eas e arranjos florais que murcham em dias, a aposta est\u00e1 em plantas estruturadas, brom\u00e9lias, folhagens de textura marcante e elementos naturais que mant\u00eam o impacto visual por muito mais tempo.<\/p>\n\n\n\n<figure class=\"wp-block-embed is-type-wp-embed is-provider-stories-enfeite-decora wp-block-embed-stories-enfeite-decora\"><div class=\"wp-block-embed__wrapper\">\n<blockquote class=\"wp-embedded-content\" data-secret=\"mzLxNEhMYU\"><a href=\"https:\/\/enfeitedecora.com\/stories\/webstory\/a-nova-logica-decorativa-menos-flores-mais-impacto-visual\/\">A nova l\u00f3gica decorativa: menos flores, mais impacto visual<\/a><\/blockquote><iframe loading=\"lazy\" class=\"wp-embedded-content\" sandbox=\"allow-scripts\" security=\"restricted\" style=\"position: absolute; visibility: hidden;\" title=\"&#8220;A nova l\u00f3gica decorativa: menos flores, mais impacto visual&#8221; &#8212; Stories | Enfeite Decora\" src=\"https:\/\/enfeitedecora.com\/stories\/webstory\/a-nova-logica-decorativa-menos-flores-mais-impacto-visual\/embed\/#?secret=AUSr3zj3xc#?secret=mzLxNEhMYU\" data-secret=\"mzLxNEhMYU\" width=\"600\" height=\"338\" frameborder=\"0\" marginwidth=\"0\" marginheight=\"0\" scrolling=\"no\"><\/iframe>\n<\/div><\/figure>\n\n\n\n<p>Essa mudan\u00e7a n\u00e3o \u00e9 s\u00f3 est\u00e9tica: ela tamb\u00e9m reflete uma busca por decora\u00e7\u00e3o mais sustent\u00e1vel, menos descart\u00e1vel e mais conectada com o ritmo real da vida dom\u00e9stica. Essa story mostra como aplicar essa l\u00f3gica na pr\u00e1tica, com exemplos que funcionam tanto em apartamentos compactos quanto em casas mais espa\u00e7osas.<\/p>\n\n\n\n<h2 class=\"wp-block-heading\">5. O objeto que j\u00e1 foi s\u00edmbolo de eleg\u00e2ncia \u2014 e hoje ningu\u00e9m reconhece<\/h2>\n\n\n\n<p>Esse \u00e9 aquele tipo de story que voc\u00ea abre sem saber o que vai encontrar e termina pensando &#8220;nunca imaginei que esse objeto tinha essa hist\u00f3ria&#8221;. Sem entregar o spoiler, o que ela revela \u00e9 que certos elementos da decora\u00e7\u00e3o cl\u00e1ssica carregam um significado cultural e hist\u00f3rico que se perdeu com o tempo \u2014 e que, conhecendo essa origem, voc\u00ea passa a olhar para eles de forma completamente diferente.<\/p>\n\n\n\n<figure class=\"wp-block-embed is-type-wp-embed is-provider-stories-enfeite-decora wp-block-embed-stories-enfeite-decora\"><div class=\"wp-block-embed__wrapper\">\n<blockquote class=\"wp-embedded-content\" data-secret=\"6oDISnhB1b\"><a href=\"https:\/\/enfeitedecora.com\/stories\/webstory\/o-objeto-que-ja-foi-simbolo-de-elegancia-e-hoje-ninguem-reconhece\/\">O objeto que j\u00e1 foi s\u00edmbolo de eleg\u00e2ncia \u2014 e hoje ningu\u00e9m reconhece<\/a><\/blockquote><iframe loading=\"lazy\" class=\"wp-embedded-content\" sandbox=\"allow-scripts\" security=\"restricted\" style=\"position: absolute; visibility: hidden;\" title=\"&#8220;O objeto que j\u00e1 foi s\u00edmbolo de eleg\u00e2ncia \u2014 e hoje ningu\u00e9m reconhece&#8221; &#8212; Stories | Enfeite Decora\" src=\"https:\/\/enfeitedecora.com\/stories\/webstory\/o-objeto-que-ja-foi-simbolo-de-elegancia-e-hoje-ninguem-reconhece\/embed\/#?secret=iFhBM0OQD1#?secret=6oDISnhB1b\" data-secret=\"6oDISnhB1b\" width=\"600\" height=\"338\" frameborder=\"0\" marginwidth=\"0\" marginheight=\"0\" scrolling=\"no\"><\/iframe>\n<\/div><\/figure>\n\n\n\n<p>\u00c9 o tipo de conte\u00fado que mistura curiosidade, cultura e decora\u00e7\u00e3o de um jeito que dificilmente se encontra em outro lugar. Perfeito para quem gosta de entender o porqu\u00ea das coisas, n\u00e3o s\u00f3 o como.<\/p>\n\n\n\n<hr class=\"wp-block-separator has-alpha-channel-opacity\"\/>\n\n\n\n<p><strong>Gostou dessa sele\u00e7\u00e3o? O Enfeite Decora publica<a href=\"https:\/\/enfeitedecora.com\/stories\/webstory\/\"> Web Stories<\/a> sobre decora\u00e7\u00e3o, plantas, arquitetura e muito mais. Explore o acervo completo e descubra o que pode mudar na sua casa hoje mesmo.<\/strong><\/p>\n","protected":false},"excerpt":{"rendered":"<p>Decorar n\u00e3o \u00e9 s\u00f3 escolher m\u00f3veis e cores. \u00c9 entender como os espa\u00e7os funcionam, o que eles comunicam e de que forma pequenas decis\u00f5es impactam o dia a dia de &#8230;<\/p>\n","protected":false},"author":1,"featured_media":3045,"comment_status":"closed","ping_status":"open","sticky":false,"template":"","format":"standard","meta":{"footnotes":""},"categories":[11],"tags":[],"class_list":["post-3232","post","type-post","status-publish","format-standard","has-post-thumbnail","hentry","category-publicacoes"],"yoast_head":"<!-- This site is optimized with the Yoast SEO plugin v27.4 - https:\/\/yoast.com\/product\/yoast-seo-wordpress\/ -->\n<title>5 conceitos de decora\u00e7\u00e3o que mudam a forma como voc\u00ea olha para a sua casa | Stories | Enfeite Decora<\/title>\n<meta name=\"robots\" content=\"index, follow, max-snippet:-1, max-image-preview:large, max-video-preview:-1\" \/>\n<link rel=\"canonical\" href=\"https:\/\/enfeitedecora.com\/stories\/5-conceitos-de-decoracao-que-mudam-a-forma-como-voce-olha-para-a-sua-casa\/\" \/>\n<meta property=\"og:locale\" content=\"pt_BR\" \/>\n<meta property=\"og:type\" content=\"article\" \/>\n<meta property=\"og:title\" content=\"5 conceitos de decora\u00e7\u00e3o que mudam a forma como voc\u00ea olha para a sua casa | Stories | Enfeite Decora\" \/>\n<meta property=\"og:description\" content=\"Decorar n\u00e3o \u00e9 s\u00f3 escolher m\u00f3veis e cores. \u00c9 entender como os espa\u00e7os funcionam, o que eles comunicam e de que forma pequenas decis\u00f5es impactam o dia a dia de ...\" \/>\n<meta property=\"og:url\" content=\"https:\/\/enfeitedecora.com\/stories\/5-conceitos-de-decoracao-que-mudam-a-forma-como-voce-olha-para-a-sua-casa\/\" \/>\n<meta property=\"og:site_name\" content=\"Stories | Enfeite Decora\" \/>\n<meta property=\"article:publisher\" content=\"https:\/\/facebook.com\/enfeitedecora\" \/>\n<meta property=\"article:published_time\" content=\"2026-04-01T13:10:13+00:00\" \/>\n<meta property=\"article:modified_time\" content=\"2026-04-01T13:10:14+00:00\" \/>\n<meta property=\"og:image\" content=\"https:\/\/enfeitedecora.com\/stories\/wp-content\/uploads\/2026\/03\/limao-plantas.webp\" \/>\n\t<meta property=\"og:image:width\" content=\"1280\" \/>\n\t<meta property=\"og:image:height\" content=\"853\" \/>\n\t<meta property=\"og:image:type\" content=\"image\/webp\" \/>\n<meta name=\"author\" content=\"Enfeite Decora\" \/>\n<meta name=\"twitter:card\" content=\"summary_large_image\" \/>\n<meta name=\"twitter:label1\" content=\"Escrito por\" \/>\n\t<meta name=\"twitter:data1\" content=\"Enfeite Decora\" \/>\n\t<meta name=\"twitter:label2\" content=\"Est. tempo de leitura\" \/>\n\t<meta name=\"twitter:data2\" content=\"5 minutos\" \/>\n<script type=\"application\/ld+json\" class=\"yoast-schema-graph\">{\"@context\":\"https:\\\/\\\/schema.org\",\"@graph\":[{\"@type\":\"Article\",\"@id\":\"https:\\\/\\\/enfeitedecora.com\\\/stories\\\/5-conceitos-de-decoracao-que-mudam-a-forma-como-voce-olha-para-a-sua-casa\\\/#article\",\"isPartOf\":{\"@id\":\"https:\\\/\\\/enfeitedecora.com\\\/stories\\\/5-conceitos-de-decoracao-que-mudam-a-forma-como-voce-olha-para-a-sua-casa\\\/\"},\"author\":{\"name\":\"Enfeite Decora\",\"@id\":\"https:\\\/\\\/enfeitedecora.com\\\/stories\\\/#\\\/schema\\\/person\\\/9b0d820009848f2d495963fd1e1d84ca\"},\"headline\":\"5 conceitos de decora\u00e7\u00e3o que mudam a forma como voc\u00ea olha para a sua casa\",\"datePublished\":\"2026-04-01T13:10:13+00:00\",\"dateModified\":\"2026-04-01T13:10:14+00:00\",\"mainEntityOfPage\":{\"@id\":\"https:\\\/\\\/enfeitedecora.com\\\/stories\\\/5-conceitos-de-decoracao-que-mudam-a-forma-como-voce-olha-para-a-sua-casa\\\/\"},\"wordCount\":789,\"publisher\":{\"@id\":\"https:\\\/\\\/enfeitedecora.com\\\/stories\\\/#organization\"},\"image\":{\"@id\":\"https:\\\/\\\/enfeitedecora.com\\\/stories\\\/5-conceitos-de-decoracao-que-mudam-a-forma-como-voce-olha-para-a-sua-casa\\\/#primaryimage\"},\"thumbnailUrl\":\"https:\\\/\\\/enfeitedecora.com\\\/stories\\\/wp-content\\\/uploads\\\/2026\\\/03\\\/limao-plantas.webp\",\"articleSection\":[\"Publica\u00e7\u00f5es\"],\"inLanguage\":\"pt-BR\"},{\"@type\":\"WebPage\",\"@id\":\"https:\\\/\\\/enfeitedecora.com\\\/stories\\\/5-conceitos-de-decoracao-que-mudam-a-forma-como-voce-olha-para-a-sua-casa\\\/\",\"url\":\"https:\\\/\\\/enfeitedecora.com\\\/stories\\\/5-conceitos-de-decoracao-que-mudam-a-forma-como-voce-olha-para-a-sua-casa\\\/\",\"name\":\"5 conceitos de decora\u00e7\u00e3o que mudam a forma como voc\u00ea olha para a sua casa | Stories | Enfeite Decora\",\"isPartOf\":{\"@id\":\"https:\\\/\\\/enfeitedecora.com\\\/stories\\\/#website\"},\"primaryImageOfPage\":{\"@id\":\"https:\\\/\\\/enfeitedecora.com\\\/stories\\\/5-conceitos-de-decoracao-que-mudam-a-forma-como-voce-olha-para-a-sua-casa\\\/#primaryimage\"},\"image\":{\"@id\":\"https:\\\/\\\/enfeitedecora.com\\\/stories\\\/5-conceitos-de-decoracao-que-mudam-a-forma-como-voce-olha-para-a-sua-casa\\\/#primaryimage\"},\"thumbnailUrl\":\"https:\\\/\\\/enfeitedecora.com\\\/stories\\\/wp-content\\\/uploads\\\/2026\\\/03\\\/limao-plantas.webp\",\"datePublished\":\"2026-04-01T13:10:13+00:00\",\"dateModified\":\"2026-04-01T13:10:14+00:00\",\"breadcrumb\":{\"@id\":\"https:\\\/\\\/enfeitedecora.com\\\/stories\\\/5-conceitos-de-decoracao-que-mudam-a-forma-como-voce-olha-para-a-sua-casa\\\/#breadcrumb\"},\"inLanguage\":\"pt-BR\",\"potentialAction\":[{\"@type\":\"ReadAction\",\"target\":[\"https:\\\/\\\/enfeitedecora.com\\\/stories\\\/5-conceitos-de-decoracao-que-mudam-a-forma-como-voce-olha-para-a-sua-casa\\\/\"]}]},{\"@type\":\"ImageObject\",\"inLanguage\":\"pt-BR\",\"@id\":\"https:\\\/\\\/enfeitedecora.com\\\/stories\\\/5-conceitos-de-decoracao-que-mudam-a-forma-como-voce-olha-para-a-sua-casa\\\/#primaryimage\",\"url\":\"https:\\\/\\\/enfeitedecora.com\\\/stories\\\/wp-content\\\/uploads\\\/2026\\\/03\\\/limao-plantas.webp\",\"contentUrl\":\"https:\\\/\\\/enfeitedecora.com\\\/stories\\\/wp-content\\\/uploads\\\/2026\\\/03\\\/limao-plantas.webp\",\"width\":1280,\"height\":853},{\"@type\":\"BreadcrumbList\",\"@id\":\"https:\\\/\\\/enfeitedecora.com\\\/stories\\\/5-conceitos-de-decoracao-que-mudam-a-forma-como-voce-olha-para-a-sua-casa\\\/#breadcrumb\",\"itemListElement\":[{\"@type\":\"ListItem\",\"position\":1,\"name\":\"In\u00edcio\",\"item\":\"https:\\\/\\\/enfeitedecora.com\\\/stories\\\/\"},{\"@type\":\"ListItem\",\"position\":2,\"name\":\"5 conceitos de decora\u00e7\u00e3o que mudam a forma como voc\u00ea olha para a sua casa\"}]},{\"@type\":\"WebSite\",\"@id\":\"https:\\\/\\\/enfeitedecora.com\\\/stories\\\/#website\",\"url\":\"https:\\\/\\\/enfeitedecora.com\\\/stories\\\/\",\"name\":\"Stories | Enfeite Decora\",\"description\":\"\",\"publisher\":{\"@id\":\"https:\\\/\\\/enfeitedecora.com\\\/stories\\\/#organization\"},\"potentialAction\":[{\"@type\":\"SearchAction\",\"target\":{\"@type\":\"EntryPoint\",\"urlTemplate\":\"https:\\\/\\\/enfeitedecora.com\\\/stories\\\/?s={search_term_string}\"},\"query-input\":{\"@type\":\"PropertyValueSpecification\",\"valueRequired\":true,\"valueName\":\"search_term_string\"}}],\"inLanguage\":\"pt-BR\"},{\"@type\":\"Organization\",\"@id\":\"https:\\\/\\\/enfeitedecora.com\\\/stories\\\/#organization\",\"name\":\"Enfeite Decora\",\"url\":\"https:\\\/\\\/enfeitedecora.com\\\/stories\\\/\",\"logo\":{\"@type\":\"ImageObject\",\"inLanguage\":\"pt-BR\",\"@id\":\"https:\\\/\\\/enfeitedecora.com\\\/stories\\\/#\\\/schema\\\/logo\\\/image\\\/\",\"url\":\"https:\\\/\\\/enfeitedecora.com\\\/stories\\\/wp-content\\\/uploads\\\/2025\\\/10\\\/Logo_1614472736542_1614473478595_2-removebg-preview.png\",\"contentUrl\":\"https:\\\/\\\/enfeitedecora.com\\\/stories\\\/wp-content\\\/uploads\\\/2025\\\/10\\\/Logo_1614472736542_1614473478595_2-removebg-preview.png\",\"width\":498,\"height\":501,\"caption\":\"Enfeite Decora\"},\"image\":{\"@id\":\"https:\\\/\\\/enfeitedecora.com\\\/stories\\\/#\\\/schema\\\/logo\\\/image\\\/\"},\"sameAs\":[\"https:\\\/\\\/facebook.com\\\/enfeitedecora\"]},{\"@type\":\"Person\",\"@id\":\"https:\\\/\\\/enfeitedecora.com\\\/stories\\\/#\\\/schema\\\/person\\\/9b0d820009848f2d495963fd1e1d84ca\",\"name\":\"Enfeite Decora\",\"image\":{\"@type\":\"ImageObject\",\"inLanguage\":\"pt-BR\",\"@id\":\"https:\\\/\\\/enfeitedecora.com\\\/stories\\\/wp-content\\\/litespeed\\\/avatar\\\/f3bcdc045383ee3c85d2910fa25676a0.jpg?ver=1777484027\",\"url\":\"https:\\\/\\\/enfeitedecora.com\\\/stories\\\/wp-content\\\/litespeed\\\/avatar\\\/f3bcdc045383ee3c85d2910fa25676a0.jpg?ver=1777484027\",\"contentUrl\":\"https:\\\/\\\/enfeitedecora.com\\\/stories\\\/wp-content\\\/litespeed\\\/avatar\\\/f3bcdc045383ee3c85d2910fa25676a0.jpg?ver=1777484027\",\"caption\":\"Enfeite Decora\"},\"description\":\"O Enfeitedecora \u00e9 uma plataforma de conte\u00fado especializado dedicada a traduzir o universo da arquitetura, do design de interiores e do paisagismo em solu\u00e7\u00f5es pr\u00e1ticas e inspiradoras. O projeto \u00e9 idealizado e fundado por Cl\u00e1udio P. Filla e realizado pela Editora CFILLA (CNPJ: 47.923.569\\\/0001-92). Nossa Lideran\u00e7a e Vis\u00e3o Multidisciplinar Com quase 11 anos de experi\u00eancia no mercado de comunica\u00e7\u00e3o e m\u00eddias digitais, Cl\u00e1udio P. Filla atua como Editor-chefe e Estrategista de Conte\u00fado. Sua trajet\u00f3ria inclui a reda\u00e7\u00e3o especializada em portais de relev\u00e2ncia nacional, como o Agro na M\u00eddia, o que confere ao Enfeitedecora uma vis\u00e3o multidisciplinar \u00fanica: a uni\u00e3o entre o conhecimento t\u00e9cnico do setor produtivo e paisag\u00edstico com a sofistica\u00e7\u00e3o do design urbano.\",\"sameAs\":[\"https:\\\/\\\/enfeitedecora.com\\\/stories\"],\"url\":\"https:\\\/\\\/enfeitedecora.com\\\/stories\\\/author\\\/enfeitedecoraadm\\\/\"}]}<\/script>\n<!-- \/ Yoast SEO plugin. -->","yoast_head_json":{"title":"5 conceitos de decora\u00e7\u00e3o que mudam a forma como voc\u00ea olha para a sua casa | Stories | Enfeite Decora","robots":{"index":"index","follow":"follow","max-snippet":"max-snippet:-1","max-image-preview":"max-image-preview:large","max-video-preview":"max-video-preview:-1"},"canonical":"https:\/\/enfeitedecora.com\/stories\/5-conceitos-de-decoracao-que-mudam-a-forma-como-voce-olha-para-a-sua-casa\/","og_locale":"pt_BR","og_type":"article","og_title":"5 conceitos de decora\u00e7\u00e3o que mudam a forma como voc\u00ea olha para a sua casa | Stories | Enfeite Decora","og_description":"Decorar n\u00e3o \u00e9 s\u00f3 escolher m\u00f3veis e cores. \u00c9 entender como os espa\u00e7os funcionam, o que eles comunicam e de que forma pequenas decis\u00f5es impactam o dia a dia de ...","og_url":"https:\/\/enfeitedecora.com\/stories\/5-conceitos-de-decoracao-que-mudam-a-forma-como-voce-olha-para-a-sua-casa\/","og_site_name":"Stories | Enfeite Decora","article_publisher":"https:\/\/facebook.com\/enfeitedecora","article_published_time":"2026-04-01T13:10:13+00:00","article_modified_time":"2026-04-01T13:10:14+00:00","og_image":[{"width":1280,"height":853,"url":"https:\/\/enfeitedecora.com\/stories\/wp-content\/uploads\/2026\/03\/limao-plantas.webp","type":"image\/webp"}],"author":"Enfeite Decora","twitter_card":"summary_large_image","twitter_misc":{"Escrito por":"Enfeite Decora","Est. tempo de leitura":"5 minutos"},"schema":{"@context":"https:\/\/schema.org","@graph":[{"@type":"Article","@id":"https:\/\/enfeitedecora.com\/stories\/5-conceitos-de-decoracao-que-mudam-a-forma-como-voce-olha-para-a-sua-casa\/#article","isPartOf":{"@id":"https:\/\/enfeitedecora.com\/stories\/5-conceitos-de-decoracao-que-mudam-a-forma-como-voce-olha-para-a-sua-casa\/"},"author":{"name":"Enfeite Decora","@id":"https:\/\/enfeitedecora.com\/stories\/#\/schema\/person\/9b0d820009848f2d495963fd1e1d84ca"},"headline":"5 conceitos de decora\u00e7\u00e3o que mudam a forma como voc\u00ea olha para a sua casa","datePublished":"2026-04-01T13:10:13+00:00","dateModified":"2026-04-01T13:10:14+00:00","mainEntityOfPage":{"@id":"https:\/\/enfeitedecora.com\/stories\/5-conceitos-de-decoracao-que-mudam-a-forma-como-voce-olha-para-a-sua-casa\/"},"wordCount":789,"publisher":{"@id":"https:\/\/enfeitedecora.com\/stories\/#organization"},"image":{"@id":"https:\/\/enfeitedecora.com\/stories\/5-conceitos-de-decoracao-que-mudam-a-forma-como-voce-olha-para-a-sua-casa\/#primaryimage"},"thumbnailUrl":"https:\/\/enfeitedecora.com\/stories\/wp-content\/uploads\/2026\/03\/limao-plantas.webp","articleSection":["Publica\u00e7\u00f5es"],"inLanguage":"pt-BR"},{"@type":"WebPage","@id":"https:\/\/enfeitedecora.com\/stories\/5-conceitos-de-decoracao-que-mudam-a-forma-como-voce-olha-para-a-sua-casa\/","url":"https:\/\/enfeitedecora.com\/stories\/5-conceitos-de-decoracao-que-mudam-a-forma-como-voce-olha-para-a-sua-casa\/","name":"5 conceitos de decora\u00e7\u00e3o que mudam a forma como voc\u00ea olha para a sua casa | Stories | Enfeite Decora","isPartOf":{"@id":"https:\/\/enfeitedecora.com\/stories\/#website"},"primaryImageOfPage":{"@id":"https:\/\/enfeitedecora.com\/stories\/5-conceitos-de-decoracao-que-mudam-a-forma-como-voce-olha-para-a-sua-casa\/#primaryimage"},"image":{"@id":"https:\/\/enfeitedecora.com\/stories\/5-conceitos-de-decoracao-que-mudam-a-forma-como-voce-olha-para-a-sua-casa\/#primaryimage"},"thumbnailUrl":"https:\/\/enfeitedecora.com\/stories\/wp-content\/uploads\/2026\/03\/limao-plantas.webp","datePublished":"2026-04-01T13:10:13+00:00","dateModified":"2026-04-01T13:10:14+00:00","breadcrumb":{"@id":"https:\/\/enfeitedecora.com\/stories\/5-conceitos-de-decoracao-que-mudam-a-forma-como-voce-olha-para-a-sua-casa\/#breadcrumb"},"inLanguage":"pt-BR","potentialAction":[{"@type":"ReadAction","target":["https:\/\/enfeitedecora.com\/stories\/5-conceitos-de-decoracao-que-mudam-a-forma-como-voce-olha-para-a-sua-casa\/"]}]},{"@type":"ImageObject","inLanguage":"pt-BR","@id":"https:\/\/enfeitedecora.com\/stories\/5-conceitos-de-decoracao-que-mudam-a-forma-como-voce-olha-para-a-sua-casa\/#primaryimage","url":"https:\/\/enfeitedecora.com\/stories\/wp-content\/uploads\/2026\/03\/limao-plantas.webp","contentUrl":"https:\/\/enfeitedecora.com\/stories\/wp-content\/uploads\/2026\/03\/limao-plantas.webp","width":1280,"height":853},{"@type":"BreadcrumbList","@id":"https:\/\/enfeitedecora.com\/stories\/5-conceitos-de-decoracao-que-mudam-a-forma-como-voce-olha-para-a-sua-casa\/#breadcrumb","itemListElement":[{"@type":"ListItem","position":1,"name":"In\u00edcio","item":"https:\/\/enfeitedecora.com\/stories\/"},{"@type":"ListItem","position":2,"name":"5 conceitos de decora\u00e7\u00e3o que mudam a forma como voc\u00ea olha para a sua casa"}]},{"@type":"WebSite","@id":"https:\/\/enfeitedecora.com\/stories\/#website","url":"https:\/\/enfeitedecora.com\/stories\/","name":"Stories | Enfeite Decora","description":"","publisher":{"@id":"https:\/\/enfeitedecora.com\/stories\/#organization"},"potentialAction":[{"@type":"SearchAction","target":{"@type":"EntryPoint","urlTemplate":"https:\/\/enfeitedecora.com\/stories\/?s={search_term_string}"},"query-input":{"@type":"PropertyValueSpecification","valueRequired":true,"valueName":"search_term_string"}}],"inLanguage":"pt-BR"},{"@type":"Organization","@id":"https:\/\/enfeitedecora.com\/stories\/#organization","name":"Enfeite Decora","url":"https:\/\/enfeitedecora.com\/stories\/","logo":{"@type":"ImageObject","inLanguage":"pt-BR","@id":"https:\/\/enfeitedecora.com\/stories\/#\/schema\/logo\/image\/","url":"https:\/\/enfeitedecora.com\/stories\/wp-content\/uploads\/2025\/10\/Logo_1614472736542_1614473478595_2-removebg-preview.png","contentUrl":"https:\/\/enfeitedecora.com\/stories\/wp-content\/uploads\/2025\/10\/Logo_1614472736542_1614473478595_2-removebg-preview.png","width":498,"height":501,"caption":"Enfeite Decora"},"image":{"@id":"https:\/\/enfeitedecora.com\/stories\/#\/schema\/logo\/image\/"},"sameAs":["https:\/\/facebook.com\/enfeitedecora"]},{"@type":"Person","@id":"https:\/\/enfeitedecora.com\/stories\/#\/schema\/person\/9b0d820009848f2d495963fd1e1d84ca","name":"Enfeite Decora","image":{"@type":"ImageObject","inLanguage":"pt-BR","@id":"https:\/\/enfeitedecora.com\/stories\/wp-content\/litespeed\/avatar\/f3bcdc045383ee3c85d2910fa25676a0.jpg?ver=1777484027","url":"https:\/\/enfeitedecora.com\/stories\/wp-content\/litespeed\/avatar\/f3bcdc045383ee3c85d2910fa25676a0.jpg?ver=1777484027","contentUrl":"https:\/\/enfeitedecora.com\/stories\/wp-content\/litespeed\/avatar\/f3bcdc045383ee3c85d2910fa25676a0.jpg?ver=1777484027","caption":"Enfeite Decora"},"description":"O Enfeitedecora \u00e9 uma plataforma de conte\u00fado especializado dedicada a traduzir o universo da arquitetura, do design de interiores e do paisagismo em solu\u00e7\u00f5es pr\u00e1ticas e inspiradoras. O projeto \u00e9 idealizado e fundado por Cl\u00e1udio P. Filla e realizado pela Editora CFILLA (CNPJ: 47.923.569\/0001-92). Nossa Lideran\u00e7a e Vis\u00e3o Multidisciplinar Com quase 11 anos de experi\u00eancia no mercado de comunica\u00e7\u00e3o e m\u00eddias digitais, Cl\u00e1udio P. Filla atua como Editor-chefe e Estrategista de Conte\u00fado. Sua trajet\u00f3ria inclui a reda\u00e7\u00e3o especializada em portais de relev\u00e2ncia nacional, como o Agro na M\u00eddia, o que confere ao Enfeitedecora uma vis\u00e3o multidisciplinar \u00fanica: a uni\u00e3o entre o conhecimento t\u00e9cnico do setor produtivo e paisag\u00edstico com a sofistica\u00e7\u00e3o do design urbano.","sameAs":["https:\/\/enfeitedecora.com\/stories"],"url":"https:\/\/enfeitedecora.com\/stories\/author\/enfeitedecoraadm\/"}]}},"_links":{"self":[{"href":"https:\/\/enfeitedecora.com\/stories\/wp-json\/wp\/v2\/posts\/3232","targetHints":{"allow":["GET"]}}],"collection":[{"href":"https:\/\/enfeitedecora.com\/stories\/wp-json\/wp\/v2\/posts"}],"about":[{"href":"https:\/\/enfeitedecora.com\/stories\/wp-json\/wp\/v2\/types\/post"}],"author":[{"embeddable":true,"href":"https:\/\/enfeitedecora.com\/stories\/wp-json\/wp\/v2\/users\/1"}],"replies":[{"embeddable":true,"href":"https:\/\/enfeitedecora.com\/stories\/wp-json\/wp\/v2\/comments?post=3232"}],"version-history":[{"count":1,"href":"https:\/\/enfeitedecora.com\/stories\/wp-json\/wp\/v2\/posts\/3232\/revisions"}],"predecessor-version":[{"id":3233,"href":"https:\/\/enfeitedecora.com\/stories\/wp-json\/wp\/v2\/posts\/3232\/revisions\/3233"}],"wp:featuredmedia":[{"embeddable":true,"href":"https:\/\/enfeitedecora.com\/stories\/wp-json\/wp\/v2\/media\/3045"}],"wp:attachment":[{"href":"https:\/\/enfeitedecora.com\/stories\/wp-json\/wp\/v2\/media?parent=3232"}],"wp:term":[{"taxonomy":"category","embeddable":true,"href":"https:\/\/enfeitedecora.com\/stories\/wp-json\/wp\/v2\/categories?post=3232"},{"taxonomy":"post_tag","embeddable":true,"href":"https:\/\/enfeitedecora.com\/stories\/wp-json\/wp\/v2\/tags?post=3232"}],"curies":[{"name":"wp","href":"https:\/\/api.w.org\/{rel}","templated":true}]}}