{"id":3187,"date":"2026-03-31T11:09:22","date_gmt":"2026-03-31T14:09:22","guid":{"rendered":"https:\/\/enfeitedecora.com\/stories\/?p=3187"},"modified":"2026-03-31T11:09:24","modified_gmt":"2026-03-31T14:09:24","slug":"5-mudancas-simples-que-transformam-o-quarto-no-ambiente-mais-aconchegante-da-casa","status":"publish","type":"post","link":"https:\/\/enfeitedecora.com\/stories\/5-mudancas-simples-que-transformam-o-quarto-no-ambiente-mais-aconchegante-da-casa\/","title":{"rendered":"5 mudan\u00e7as simples que transformam o quarto no ambiente mais aconchegante da casa"},"content":{"rendered":"\n<p>O quarto deveria ser o lugar mais cuidado da casa, afinal, \u00e9 onde voc\u00ea come\u00e7a e termina cada dia. Mas muitas vezes ele fica em segundo plano na hora de decorar. <\/p>\n\n\n\n<p>Separamos 5 Web Stories do <a href=\"https:\/\/enfeitedecora.com\">Enfeite Decora<\/a> que mostram que pequenas decis\u00f5es bem tomadas fazem uma diferen\u00e7a enorme no resultado final.<\/p>\n\n\n\n<h2 class=\"wp-block-heading\">1. Ilumina\u00e7\u00e3o: o fator que a maioria ignora no quarto<\/h2>\n\n\n\n<p>Plafon central no teto, luz branca forte \u2014 esse \u00e9 o setup mais comum nos quartos brasileiros, e tamb\u00e9m o que mais prejudica o conforto e a atmosfera do ambiente. Essa story explica como pensar a ilumina\u00e7\u00e3o do quarto de forma estrat\u00e9gica, com camadas de luz que criam aconchego de verdade.<\/p>\n\n\n\n<figure class=\"wp-block-embed is-type-wp-embed is-provider-stories-enfeite-decora wp-block-embed-stories-enfeite-decora\"><div class=\"wp-block-embed__wrapper\">\n<blockquote class=\"wp-embedded-content\" data-secret=\"vaVFf8Sqcw\"><a href=\"https:\/\/enfeitedecora.com\/stories\/webstory\/iluminacao-no-quarto-como-a-luz-certa-muda-tudo\/\">Ilumina\u00e7\u00e3o no quarto: como a luz certa muda tudo<\/a><\/blockquote><iframe loading=\"lazy\" class=\"wp-embedded-content\" sandbox=\"allow-scripts\" security=\"restricted\" style=\"position: absolute; visibility: hidden;\" title=\"&#8220;Ilumina\u00e7\u00e3o no quarto: como a luz certa muda tudo&#8221; &#8212; Stories | Enfeite Decora\" src=\"https:\/\/enfeitedecora.com\/stories\/webstory\/iluminacao-no-quarto-como-a-luz-certa-muda-tudo\/embed\/#?secret=XXLiskqgdi#?secret=vaVFf8Sqcw\" data-secret=\"vaVFf8Sqcw\" width=\"600\" height=\"338\" frameborder=\"0\" marginwidth=\"0\" marginheight=\"0\" scrolling=\"no\"><\/iframe>\n<\/div><\/figure>\n\n\n\n<h2 class=\"wp-block-heading\">2. Cabeceira estendida: um detalhe que redefine o ambiente inteiro<\/h2>\n\n\n\n<p>A cabeceira estendida \u2014 aquela que ultrapassa os limites da cama e avan\u00e7a pela parede \u2014 virou um dos recursos mais elegantes da decora\u00e7\u00e3o de quartos modernos. Ela cria um ponto focal forte, elimina a necessidade de outros elementos na parede e d\u00e1 uma sensa\u00e7\u00e3o de projeto assinado. Essa story mostra como funciona na pr\u00e1tica.<\/p>\n\n\n\n<figure class=\"wp-block-embed is-type-wp-embed is-provider-stories-enfeite-decora wp-block-embed-stories-enfeite-decora\"><div class=\"wp-block-embed__wrapper\">\n<blockquote class=\"wp-embedded-content\" data-secret=\"DJZ5xXbjpn\"><a href=\"https:\/\/enfeitedecora.com\/stories\/webstory\/como-uma-cabeceira-estendida-muda-toda-a-decoracao\/\">Como uma cabeceira estendida muda toda a decora\u00e7\u00e3o<\/a><\/blockquote><iframe loading=\"lazy\" class=\"wp-embedded-content\" sandbox=\"allow-scripts\" security=\"restricted\" style=\"position: absolute; visibility: hidden;\" title=\"&#8220;Como uma cabeceira estendida muda toda a decora\u00e7\u00e3o&#8221; &#8212; Stories | Enfeite Decora\" src=\"https:\/\/enfeitedecora.com\/stories\/webstory\/como-uma-cabeceira-estendida-muda-toda-a-decoracao\/embed\/#?secret=95FgWQ57aa#?secret=DJZ5xXbjpn\" data-secret=\"DJZ5xXbjpn\" width=\"600\" height=\"338\" frameborder=\"0\" marginwidth=\"0\" marginheight=\"0\" scrolling=\"no\"><\/iframe>\n<\/div><\/figure>\n\n\n\n<h2 class=\"wp-block-heading\">3. Closet no quarto: quando vale o investimento<\/h2>\n\n\n\n<p>Ter um closet integrado ao quarto deixou de ser privil\u00e9gio de plantas grandes. Hoje existem solu\u00e7\u00f5es para diferentes metragens e or\u00e7amentos \u2014 e essa story ajuda a entender quais s\u00e3o, o que considerar no planejamento e como o closet impacta n\u00e3o s\u00f3 a organiza\u00e7\u00e3o, mas tamb\u00e9m a est\u00e9tica do ambiente.<\/p>\n\n\n\n<figure class=\"wp-block-embed is-type-wp-embed is-provider-stories-enfeite-decora wp-block-embed-stories-enfeite-decora\"><div class=\"wp-block-embed__wrapper\">\n<blockquote class=\"wp-embedded-content\" data-secret=\"hVKWZR7yFd\"><a href=\"https:\/\/enfeitedecora.com\/stories\/webstory\/quarto-com-closet-conforto-estilo-e-praticidade\/\">Quarto com closet: conforto, estilo e praticidade<\/a><\/blockquote><iframe loading=\"lazy\" class=\"wp-embedded-content\" sandbox=\"allow-scripts\" security=\"restricted\" style=\"position: absolute; visibility: hidden;\" title=\"&#8220;Quarto com closet: conforto, estilo e praticidade&#8221; &#8212; Stories | Enfeite Decora\" src=\"https:\/\/enfeitedecora.com\/stories\/webstory\/quarto-com-closet-conforto-estilo-e-praticidade\/embed\/#?secret=egPqzhQ7Vt#?secret=hVKWZR7yFd\" data-secret=\"hVKWZR7yFd\" width=\"600\" height=\"338\" frameborder=\"0\" marginwidth=\"0\" marginheight=\"0\" scrolling=\"no\"><\/iframe>\n<\/div><\/figure>\n\n\n\n<h2 class=\"wp-block-heading\">4. Cabideiro: organiza\u00e7\u00e3o que tamb\u00e9m decora<\/h2>\n\n\n\n<p>Nem todo mundo tem espa\u00e7o ou or\u00e7amento para um closet \u2014 e o cabideiro resolve isso com muito estilo. Bem posicionado, ele organiza pe\u00e7as do dia a dia, adiciona textura e personalidade ao quarto e ainda funciona como elemento decorativo. Essa story mostra os melhores modelos e como us\u00e1-los com inten\u00e7\u00e3o.<\/p>\n\n\n\n<figure class=\"wp-block-embed is-type-wp-embed is-provider-stories-enfeite-decora wp-block-embed-stories-enfeite-decora\"><div class=\"wp-block-embed__wrapper\">\n<blockquote class=\"wp-embedded-content\" data-secret=\"peVp0X6viP\"><a href=\"https:\/\/enfeitedecora.com\/stories\/webstory\/cabideiro-o-item-que-organiza-e-decora-ao-mesmo-tempo\/\">Cabideiro: o item que organiza e decora ao mesmo tempo<\/a><\/blockquote><iframe loading=\"lazy\" class=\"wp-embedded-content\" sandbox=\"allow-scripts\" security=\"restricted\" style=\"position: absolute; visibility: hidden;\" title=\"&#8220;Cabideiro: o item que organiza e decora ao mesmo tempo&#8221; &#8212; Stories | Enfeite Decora\" src=\"https:\/\/enfeitedecora.com\/stories\/webstory\/cabideiro-o-item-que-organiza-e-decora-ao-mesmo-tempo\/embed\/#?secret=77XrPN7WGJ#?secret=peVp0X6viP\" data-secret=\"peVp0X6viP\" width=\"600\" height=\"338\" frameborder=\"0\" marginwidth=\"0\" marginheight=\"0\" scrolling=\"no\"><\/iframe>\n<\/div><\/figure>\n\n\n\n<h2 class=\"wp-block-heading\">5. Sua casa j\u00e1 tem o que precisa para ser melhor<\/h2>\n\n\n\n<p>\u00c0s vezes a transforma\u00e7\u00e3o n\u00e3o exige comprar nada novo \u2014 s\u00f3 reposicionar, editar e olhar para o que j\u00e1 existe com outros olhos. Essa story \u00e9 um convite para repensar o quarto (e a casa inteira) a partir do que voc\u00ea j\u00e1 tem, com um olhar mais cuidadoso sobre cada escolha.<\/p>\n\n\n\n<figure class=\"wp-block-embed is-type-wp-embed is-provider-stories-enfeite-decora wp-block-embed-stories-enfeite-decora\"><div class=\"wp-block-embed__wrapper\">\n<blockquote class=\"wp-embedded-content\" data-secret=\"XijDPXfIo4\"><a href=\"https:\/\/enfeitedecora.com\/stories\/webstory\/sua-casa-ja-tem-o-que-precisa-para-ser-melhor\/\">Sua casa j\u00e1 tem o que precisa para ser melhor<\/a><\/blockquote><iframe loading=\"lazy\" class=\"wp-embedded-content\" sandbox=\"allow-scripts\" security=\"restricted\" style=\"position: absolute; visibility: hidden;\" title=\"&#8220;Sua casa j\u00e1 tem o que precisa para ser melhor&#8221; &#8212; Stories | Enfeite Decora\" src=\"https:\/\/enfeitedecora.com\/stories\/webstory\/sua-casa-ja-tem-o-que-precisa-para-ser-melhor\/embed\/#?secret=zNVT0yCv3v#?secret=XijDPXfIo4\" data-secret=\"XijDPXfIo4\" width=\"600\" height=\"338\" frameborder=\"0\" marginwidth=\"0\" marginheight=\"0\" scrolling=\"no\"><\/iframe>\n<\/div><\/figure>\n\n\n\n<p><strong>Quer mais inspira\u00e7\u00e3o para cada canto da sua casa? Explore todas as nossas <a href=\"https:\/\/enfeitedecora.com\/stories\/webstory\/\">Web Stories<\/a>.<\/strong><\/p>\n","protected":false},"excerpt":{"rendered":"<p>O quarto deveria ser o lugar mais cuidado da casa, afinal, \u00e9 onde voc\u00ea come\u00e7a e termina cada dia. Mas muitas vezes ele fica em segundo plano na hora de &#8230;<\/p>\n","protected":false},"author":1,"featured_media":3188,"comment_status":"closed","ping_status":"open","sticky":false,"template":"","format":"standard","meta":{"footnotes":""},"categories":[11],"tags":[],"class_list":["post-3187","post","type-post","status-publish","format-standard","has-post-thumbnail","hentry","category-publicacoes"],"yoast_head":"<!-- This site is optimized with the Yoast SEO plugin v27.4 - https:\/\/yoast.com\/product\/yoast-seo-wordpress\/ -->\n<title>5 mudan\u00e7as simples que transformam o quarto no ambiente mais aconchegante da casa | Stories | Enfeite Decora<\/title>\n<meta name=\"robots\" content=\"index, follow, max-snippet:-1, max-image-preview:large, max-video-preview:-1\" \/>\n<link rel=\"canonical\" href=\"https:\/\/enfeitedecora.com\/stories\/5-mudancas-simples-que-transformam-o-quarto-no-ambiente-mais-aconchegante-da-casa\/\" \/>\n<meta property=\"og:locale\" content=\"pt_BR\" \/>\n<meta property=\"og:type\" content=\"article\" \/>\n<meta property=\"og:title\" content=\"5 mudan\u00e7as simples que transformam o quarto no ambiente mais aconchegante da casa | Stories | Enfeite Decora\" \/>\n<meta property=\"og:description\" content=\"O quarto deveria ser o lugar mais cuidado da casa, afinal, \u00e9 onde voc\u00ea come\u00e7a e termina cada dia. Mas muitas vezes ele fica em segundo plano na hora de ...\" \/>\n<meta property=\"og:url\" content=\"https:\/\/enfeitedecora.com\/stories\/5-mudancas-simples-que-transformam-o-quarto-no-ambiente-mais-aconchegante-da-casa\/\" \/>\n<meta property=\"og:site_name\" content=\"Stories | Enfeite Decora\" \/>\n<meta property=\"article:publisher\" content=\"https:\/\/facebook.com\/enfeitedecora\" \/>\n<meta property=\"article:published_time\" content=\"2026-03-31T14:09:22+00:00\" \/>\n<meta property=\"article:modified_time\" content=\"2026-03-31T14:09:24+00:00\" \/>\n<meta property=\"og:image\" content=\"https:\/\/enfeitedecora.com\/stories\/wp-content\/uploads\/2026\/03\/quarto-feng-1.jpg\" \/>\n\t<meta property=\"og:image:width\" content=\"1250\" \/>\n\t<meta property=\"og:image:height\" content=\"680\" \/>\n\t<meta property=\"og:image:type\" content=\"image\/jpeg\" \/>\n<meta name=\"author\" content=\"Enfeite Decora\" \/>\n<meta name=\"twitter:card\" content=\"summary_large_image\" \/>\n<meta name=\"twitter:label1\" content=\"Escrito por\" \/>\n\t<meta name=\"twitter:data1\" content=\"Enfeite Decora\" \/>\n\t<meta name=\"twitter:label2\" content=\"Est. tempo de leitura\" \/>\n\t<meta name=\"twitter:data2\" content=\"3 minutos\" \/>\n<script type=\"application\/ld+json\" class=\"yoast-schema-graph\">{\"@context\":\"https:\\\/\\\/schema.org\",\"@graph\":[{\"@type\":\"Article\",\"@id\":\"https:\\\/\\\/enfeitedecora.com\\\/stories\\\/5-mudancas-simples-que-transformam-o-quarto-no-ambiente-mais-aconchegante-da-casa\\\/#article\",\"isPartOf\":{\"@id\":\"https:\\\/\\\/enfeitedecora.com\\\/stories\\\/5-mudancas-simples-que-transformam-o-quarto-no-ambiente-mais-aconchegante-da-casa\\\/\"},\"author\":{\"name\":\"Enfeite Decora\",\"@id\":\"https:\\\/\\\/enfeitedecora.com\\\/stories\\\/#\\\/schema\\\/person\\\/9b0d820009848f2d495963fd1e1d84ca\"},\"headline\":\"5 mudan\u00e7as simples que transformam o quarto no ambiente mais aconchegante da casa\",\"datePublished\":\"2026-03-31T14:09:22+00:00\",\"dateModified\":\"2026-03-31T14:09:24+00:00\",\"mainEntityOfPage\":{\"@id\":\"https:\\\/\\\/enfeitedecora.com\\\/stories\\\/5-mudancas-simples-que-transformam-o-quarto-no-ambiente-mais-aconchegante-da-casa\\\/\"},\"wordCount\":427,\"publisher\":{\"@id\":\"https:\\\/\\\/enfeitedecora.com\\\/stories\\\/#organization\"},\"image\":{\"@id\":\"https:\\\/\\\/enfeitedecora.com\\\/stories\\\/5-mudancas-simples-que-transformam-o-quarto-no-ambiente-mais-aconchegante-da-casa\\\/#primaryimage\"},\"thumbnailUrl\":\"https:\\\/\\\/enfeitedecora.com\\\/stories\\\/wp-content\\\/uploads\\\/2026\\\/03\\\/quarto-feng-1.jpg\",\"articleSection\":[\"Publica\u00e7\u00f5es\"],\"inLanguage\":\"pt-BR\"},{\"@type\":\"WebPage\",\"@id\":\"https:\\\/\\\/enfeitedecora.com\\\/stories\\\/5-mudancas-simples-que-transformam-o-quarto-no-ambiente-mais-aconchegante-da-casa\\\/\",\"url\":\"https:\\\/\\\/enfeitedecora.com\\\/stories\\\/5-mudancas-simples-que-transformam-o-quarto-no-ambiente-mais-aconchegante-da-casa\\\/\",\"name\":\"5 mudan\u00e7as simples que transformam o quarto no ambiente mais aconchegante da casa | Stories | Enfeite Decora\",\"isPartOf\":{\"@id\":\"https:\\\/\\\/enfeitedecora.com\\\/stories\\\/#website\"},\"primaryImageOfPage\":{\"@id\":\"https:\\\/\\\/enfeitedecora.com\\\/stories\\\/5-mudancas-simples-que-transformam-o-quarto-no-ambiente-mais-aconchegante-da-casa\\\/#primaryimage\"},\"image\":{\"@id\":\"https:\\\/\\\/enfeitedecora.com\\\/stories\\\/5-mudancas-simples-que-transformam-o-quarto-no-ambiente-mais-aconchegante-da-casa\\\/#primaryimage\"},\"thumbnailUrl\":\"https:\\\/\\\/enfeitedecora.com\\\/stories\\\/wp-content\\\/uploads\\\/2026\\\/03\\\/quarto-feng-1.jpg\",\"datePublished\":\"2026-03-31T14:09:22+00:00\",\"dateModified\":\"2026-03-31T14:09:24+00:00\",\"breadcrumb\":{\"@id\":\"https:\\\/\\\/enfeitedecora.com\\\/stories\\\/5-mudancas-simples-que-transformam-o-quarto-no-ambiente-mais-aconchegante-da-casa\\\/#breadcrumb\"},\"inLanguage\":\"pt-BR\",\"potentialAction\":[{\"@type\":\"ReadAction\",\"target\":[\"https:\\\/\\\/enfeitedecora.com\\\/stories\\\/5-mudancas-simples-que-transformam-o-quarto-no-ambiente-mais-aconchegante-da-casa\\\/\"]}]},{\"@type\":\"ImageObject\",\"inLanguage\":\"pt-BR\",\"@id\":\"https:\\\/\\\/enfeitedecora.com\\\/stories\\\/5-mudancas-simples-que-transformam-o-quarto-no-ambiente-mais-aconchegante-da-casa\\\/#primaryimage\",\"url\":\"https:\\\/\\\/enfeitedecora.com\\\/stories\\\/wp-content\\\/uploads\\\/2026\\\/03\\\/quarto-feng-1.jpg\",\"contentUrl\":\"https:\\\/\\\/enfeitedecora.com\\\/stories\\\/wp-content\\\/uploads\\\/2026\\\/03\\\/quarto-feng-1.jpg\",\"width\":1250,\"height\":680},{\"@type\":\"BreadcrumbList\",\"@id\":\"https:\\\/\\\/enfeitedecora.com\\\/stories\\\/5-mudancas-simples-que-transformam-o-quarto-no-ambiente-mais-aconchegante-da-casa\\\/#breadcrumb\",\"itemListElement\":[{\"@type\":\"ListItem\",\"position\":1,\"name\":\"In\u00edcio\",\"item\":\"https:\\\/\\\/enfeitedecora.com\\\/stories\\\/\"},{\"@type\":\"ListItem\",\"position\":2,\"name\":\"5 mudan\u00e7as simples que transformam o quarto no ambiente mais aconchegante da casa\"}]},{\"@type\":\"WebSite\",\"@id\":\"https:\\\/\\\/enfeitedecora.com\\\/stories\\\/#website\",\"url\":\"https:\\\/\\\/enfeitedecora.com\\\/stories\\\/\",\"name\":\"Stories | Enfeite Decora\",\"description\":\"\",\"publisher\":{\"@id\":\"https:\\\/\\\/enfeitedecora.com\\\/stories\\\/#organization\"},\"potentialAction\":[{\"@type\":\"SearchAction\",\"target\":{\"@type\":\"EntryPoint\",\"urlTemplate\":\"https:\\\/\\\/enfeitedecora.com\\\/stories\\\/?s={search_term_string}\"},\"query-input\":{\"@type\":\"PropertyValueSpecification\",\"valueRequired\":true,\"valueName\":\"search_term_string\"}}],\"inLanguage\":\"pt-BR\"},{\"@type\":\"Organization\",\"@id\":\"https:\\\/\\\/enfeitedecora.com\\\/stories\\\/#organization\",\"name\":\"Enfeite Decora\",\"url\":\"https:\\\/\\\/enfeitedecora.com\\\/stories\\\/\",\"logo\":{\"@type\":\"ImageObject\",\"inLanguage\":\"pt-BR\",\"@id\":\"https:\\\/\\\/enfeitedecora.com\\\/stories\\\/#\\\/schema\\\/logo\\\/image\\\/\",\"url\":\"https:\\\/\\\/enfeitedecora.com\\\/stories\\\/wp-content\\\/uploads\\\/2025\\\/10\\\/Logo_1614472736542_1614473478595_2-removebg-preview.png\",\"contentUrl\":\"https:\\\/\\\/enfeitedecora.com\\\/stories\\\/wp-content\\\/uploads\\\/2025\\\/10\\\/Logo_1614472736542_1614473478595_2-removebg-preview.png\",\"width\":498,\"height\":501,\"caption\":\"Enfeite Decora\"},\"image\":{\"@id\":\"https:\\\/\\\/enfeitedecora.com\\\/stories\\\/#\\\/schema\\\/logo\\\/image\\\/\"},\"sameAs\":[\"https:\\\/\\\/facebook.com\\\/enfeitedecora\"]},{\"@type\":\"Person\",\"@id\":\"https:\\\/\\\/enfeitedecora.com\\\/stories\\\/#\\\/schema\\\/person\\\/9b0d820009848f2d495963fd1e1d84ca\",\"name\":\"Enfeite Decora\",\"image\":{\"@type\":\"ImageObject\",\"inLanguage\":\"pt-BR\",\"@id\":\"https:\\\/\\\/enfeitedecora.com\\\/stories\\\/wp-content\\\/litespeed\\\/avatar\\\/f3bcdc045383ee3c85d2910fa25676a0.jpg?ver=1777484027\",\"url\":\"https:\\\/\\\/enfeitedecora.com\\\/stories\\\/wp-content\\\/litespeed\\\/avatar\\\/f3bcdc045383ee3c85d2910fa25676a0.jpg?ver=1777484027\",\"contentUrl\":\"https:\\\/\\\/enfeitedecora.com\\\/stories\\\/wp-content\\\/litespeed\\\/avatar\\\/f3bcdc045383ee3c85d2910fa25676a0.jpg?ver=1777484027\",\"caption\":\"Enfeite Decora\"},\"description\":\"O Enfeitedecora \u00e9 uma plataforma de conte\u00fado especializado dedicada a traduzir o universo da arquitetura, do design de interiores e do paisagismo em solu\u00e7\u00f5es pr\u00e1ticas e inspiradoras. O projeto \u00e9 idealizado e fundado por Cl\u00e1udio P. Filla e realizado pela Editora CFILLA (CNPJ: 47.923.569\\\/0001-92). Nossa Lideran\u00e7a e Vis\u00e3o Multidisciplinar Com quase 11 anos de experi\u00eancia no mercado de comunica\u00e7\u00e3o e m\u00eddias digitais, Cl\u00e1udio P. Filla atua como Editor-chefe e Estrategista de Conte\u00fado. Sua trajet\u00f3ria inclui a reda\u00e7\u00e3o especializada em portais de relev\u00e2ncia nacional, como o Agro na M\u00eddia, o que confere ao Enfeitedecora uma vis\u00e3o multidisciplinar \u00fanica: a uni\u00e3o entre o conhecimento t\u00e9cnico do setor produtivo e paisag\u00edstico com a sofistica\u00e7\u00e3o do design urbano.\",\"sameAs\":[\"https:\\\/\\\/enfeitedecora.com\\\/stories\"],\"url\":\"https:\\\/\\\/enfeitedecora.com\\\/stories\\\/author\\\/enfeitedecoraadm\\\/\"}]}<\/script>\n<!-- \/ Yoast SEO plugin. -->","yoast_head_json":{"title":"5 mudan\u00e7as simples que transformam o quarto no ambiente mais aconchegante da casa | Stories | Enfeite Decora","robots":{"index":"index","follow":"follow","max-snippet":"max-snippet:-1","max-image-preview":"max-image-preview:large","max-video-preview":"max-video-preview:-1"},"canonical":"https:\/\/enfeitedecora.com\/stories\/5-mudancas-simples-que-transformam-o-quarto-no-ambiente-mais-aconchegante-da-casa\/","og_locale":"pt_BR","og_type":"article","og_title":"5 mudan\u00e7as simples que transformam o quarto no ambiente mais aconchegante da casa | Stories | Enfeite Decora","og_description":"O quarto deveria ser o lugar mais cuidado da casa, afinal, \u00e9 onde voc\u00ea come\u00e7a e termina cada dia. Mas muitas vezes ele fica em segundo plano na hora de ...","og_url":"https:\/\/enfeitedecora.com\/stories\/5-mudancas-simples-que-transformam-o-quarto-no-ambiente-mais-aconchegante-da-casa\/","og_site_name":"Stories | Enfeite Decora","article_publisher":"https:\/\/facebook.com\/enfeitedecora","article_published_time":"2026-03-31T14:09:22+00:00","article_modified_time":"2026-03-31T14:09:24+00:00","og_image":[{"width":1250,"height":680,"url":"https:\/\/enfeitedecora.com\/stories\/wp-content\/uploads\/2026\/03\/quarto-feng-1.jpg","type":"image\/jpeg"}],"author":"Enfeite Decora","twitter_card":"summary_large_image","twitter_misc":{"Escrito por":"Enfeite Decora","Est. tempo de leitura":"3 minutos"},"schema":{"@context":"https:\/\/schema.org","@graph":[{"@type":"Article","@id":"https:\/\/enfeitedecora.com\/stories\/5-mudancas-simples-que-transformam-o-quarto-no-ambiente-mais-aconchegante-da-casa\/#article","isPartOf":{"@id":"https:\/\/enfeitedecora.com\/stories\/5-mudancas-simples-que-transformam-o-quarto-no-ambiente-mais-aconchegante-da-casa\/"},"author":{"name":"Enfeite Decora","@id":"https:\/\/enfeitedecora.com\/stories\/#\/schema\/person\/9b0d820009848f2d495963fd1e1d84ca"},"headline":"5 mudan\u00e7as simples que transformam o quarto no ambiente mais aconchegante da casa","datePublished":"2026-03-31T14:09:22+00:00","dateModified":"2026-03-31T14:09:24+00:00","mainEntityOfPage":{"@id":"https:\/\/enfeitedecora.com\/stories\/5-mudancas-simples-que-transformam-o-quarto-no-ambiente-mais-aconchegante-da-casa\/"},"wordCount":427,"publisher":{"@id":"https:\/\/enfeitedecora.com\/stories\/#organization"},"image":{"@id":"https:\/\/enfeitedecora.com\/stories\/5-mudancas-simples-que-transformam-o-quarto-no-ambiente-mais-aconchegante-da-casa\/#primaryimage"},"thumbnailUrl":"https:\/\/enfeitedecora.com\/stories\/wp-content\/uploads\/2026\/03\/quarto-feng-1.jpg","articleSection":["Publica\u00e7\u00f5es"],"inLanguage":"pt-BR"},{"@type":"WebPage","@id":"https:\/\/enfeitedecora.com\/stories\/5-mudancas-simples-que-transformam-o-quarto-no-ambiente-mais-aconchegante-da-casa\/","url":"https:\/\/enfeitedecora.com\/stories\/5-mudancas-simples-que-transformam-o-quarto-no-ambiente-mais-aconchegante-da-casa\/","name":"5 mudan\u00e7as simples que transformam o quarto no ambiente mais aconchegante da casa | Stories | Enfeite Decora","isPartOf":{"@id":"https:\/\/enfeitedecora.com\/stories\/#website"},"primaryImageOfPage":{"@id":"https:\/\/enfeitedecora.com\/stories\/5-mudancas-simples-que-transformam-o-quarto-no-ambiente-mais-aconchegante-da-casa\/#primaryimage"},"image":{"@id":"https:\/\/enfeitedecora.com\/stories\/5-mudancas-simples-que-transformam-o-quarto-no-ambiente-mais-aconchegante-da-casa\/#primaryimage"},"thumbnailUrl":"https:\/\/enfeitedecora.com\/stories\/wp-content\/uploads\/2026\/03\/quarto-feng-1.jpg","datePublished":"2026-03-31T14:09:22+00:00","dateModified":"2026-03-31T14:09:24+00:00","breadcrumb":{"@id":"https:\/\/enfeitedecora.com\/stories\/5-mudancas-simples-que-transformam-o-quarto-no-ambiente-mais-aconchegante-da-casa\/#breadcrumb"},"inLanguage":"pt-BR","potentialAction":[{"@type":"ReadAction","target":["https:\/\/enfeitedecora.com\/stories\/5-mudancas-simples-que-transformam-o-quarto-no-ambiente-mais-aconchegante-da-casa\/"]}]},{"@type":"ImageObject","inLanguage":"pt-BR","@id":"https:\/\/enfeitedecora.com\/stories\/5-mudancas-simples-que-transformam-o-quarto-no-ambiente-mais-aconchegante-da-casa\/#primaryimage","url":"https:\/\/enfeitedecora.com\/stories\/wp-content\/uploads\/2026\/03\/quarto-feng-1.jpg","contentUrl":"https:\/\/enfeitedecora.com\/stories\/wp-content\/uploads\/2026\/03\/quarto-feng-1.jpg","width":1250,"height":680},{"@type":"BreadcrumbList","@id":"https:\/\/enfeitedecora.com\/stories\/5-mudancas-simples-que-transformam-o-quarto-no-ambiente-mais-aconchegante-da-casa\/#breadcrumb","itemListElement":[{"@type":"ListItem","position":1,"name":"In\u00edcio","item":"https:\/\/enfeitedecora.com\/stories\/"},{"@type":"ListItem","position":2,"name":"5 mudan\u00e7as simples que transformam o quarto no ambiente mais aconchegante da casa"}]},{"@type":"WebSite","@id":"https:\/\/enfeitedecora.com\/stories\/#website","url":"https:\/\/enfeitedecora.com\/stories\/","name":"Stories | Enfeite Decora","description":"","publisher":{"@id":"https:\/\/enfeitedecora.com\/stories\/#organization"},"potentialAction":[{"@type":"SearchAction","target":{"@type":"EntryPoint","urlTemplate":"https:\/\/enfeitedecora.com\/stories\/?s={search_term_string}"},"query-input":{"@type":"PropertyValueSpecification","valueRequired":true,"valueName":"search_term_string"}}],"inLanguage":"pt-BR"},{"@type":"Organization","@id":"https:\/\/enfeitedecora.com\/stories\/#organization","name":"Enfeite Decora","url":"https:\/\/enfeitedecora.com\/stories\/","logo":{"@type":"ImageObject","inLanguage":"pt-BR","@id":"https:\/\/enfeitedecora.com\/stories\/#\/schema\/logo\/image\/","url":"https:\/\/enfeitedecora.com\/stories\/wp-content\/uploads\/2025\/10\/Logo_1614472736542_1614473478595_2-removebg-preview.png","contentUrl":"https:\/\/enfeitedecora.com\/stories\/wp-content\/uploads\/2025\/10\/Logo_1614472736542_1614473478595_2-removebg-preview.png","width":498,"height":501,"caption":"Enfeite Decora"},"image":{"@id":"https:\/\/enfeitedecora.com\/stories\/#\/schema\/logo\/image\/"},"sameAs":["https:\/\/facebook.com\/enfeitedecora"]},{"@type":"Person","@id":"https:\/\/enfeitedecora.com\/stories\/#\/schema\/person\/9b0d820009848f2d495963fd1e1d84ca","name":"Enfeite Decora","image":{"@type":"ImageObject","inLanguage":"pt-BR","@id":"https:\/\/enfeitedecora.com\/stories\/wp-content\/litespeed\/avatar\/f3bcdc045383ee3c85d2910fa25676a0.jpg?ver=1777484027","url":"https:\/\/enfeitedecora.com\/stories\/wp-content\/litespeed\/avatar\/f3bcdc045383ee3c85d2910fa25676a0.jpg?ver=1777484027","contentUrl":"https:\/\/enfeitedecora.com\/stories\/wp-content\/litespeed\/avatar\/f3bcdc045383ee3c85d2910fa25676a0.jpg?ver=1777484027","caption":"Enfeite Decora"},"description":"O Enfeitedecora \u00e9 uma plataforma de conte\u00fado especializado dedicada a traduzir o universo da arquitetura, do design de interiores e do paisagismo em solu\u00e7\u00f5es pr\u00e1ticas e inspiradoras. O projeto \u00e9 idealizado e fundado por Cl\u00e1udio P. Filla e realizado pela Editora CFILLA (CNPJ: 47.923.569\/0001-92). Nossa Lideran\u00e7a e Vis\u00e3o Multidisciplinar Com quase 11 anos de experi\u00eancia no mercado de comunica\u00e7\u00e3o e m\u00eddias digitais, Cl\u00e1udio P. Filla atua como Editor-chefe e Estrategista de Conte\u00fado. Sua trajet\u00f3ria inclui a reda\u00e7\u00e3o especializada em portais de relev\u00e2ncia nacional, como o Agro na M\u00eddia, o que confere ao Enfeitedecora uma vis\u00e3o multidisciplinar \u00fanica: a uni\u00e3o entre o conhecimento t\u00e9cnico do setor produtivo e paisag\u00edstico com a sofistica\u00e7\u00e3o do design urbano.","sameAs":["https:\/\/enfeitedecora.com\/stories"],"url":"https:\/\/enfeitedecora.com\/stories\/author\/enfeitedecoraadm\/"}]}},"_links":{"self":[{"href":"https:\/\/enfeitedecora.com\/stories\/wp-json\/wp\/v2\/posts\/3187","targetHints":{"allow":["GET"]}}],"collection":[{"href":"https:\/\/enfeitedecora.com\/stories\/wp-json\/wp\/v2\/posts"}],"about":[{"href":"https:\/\/enfeitedecora.com\/stories\/wp-json\/wp\/v2\/types\/post"}],"author":[{"embeddable":true,"href":"https:\/\/enfeitedecora.com\/stories\/wp-json\/wp\/v2\/users\/1"}],"replies":[{"embeddable":true,"href":"https:\/\/enfeitedecora.com\/stories\/wp-json\/wp\/v2\/comments?post=3187"}],"version-history":[{"count":1,"href":"https:\/\/enfeitedecora.com\/stories\/wp-json\/wp\/v2\/posts\/3187\/revisions"}],"predecessor-version":[{"id":3189,"href":"https:\/\/enfeitedecora.com\/stories\/wp-json\/wp\/v2\/posts\/3187\/revisions\/3189"}],"wp:featuredmedia":[{"embeddable":true,"href":"https:\/\/enfeitedecora.com\/stories\/wp-json\/wp\/v2\/media\/3188"}],"wp:attachment":[{"href":"https:\/\/enfeitedecora.com\/stories\/wp-json\/wp\/v2\/media?parent=3187"}],"wp:term":[{"taxonomy":"category","embeddable":true,"href":"https:\/\/enfeitedecora.com\/stories\/wp-json\/wp\/v2\/categories?post=3187"},{"taxonomy":"post_tag","embeddable":true,"href":"https:\/\/enfeitedecora.com\/stories\/wp-json\/wp\/v2\/tags?post=3187"}],"curies":[{"name":"wp","href":"https:\/\/api.w.org\/{rel}","templated":true}]}}