{"id":3100,"date":"2026-03-27T14:43:47","date_gmt":"2026-03-27T17:43:47","guid":{"rendered":"https:\/\/enfeitedecora.com\/stories\/?p=3100"},"modified":"2026-03-27T14:43:49","modified_gmt":"2026-03-27T17:43:49","slug":"5-ideias-para-ter-uma-cozinha-mais-bonita-funcional-e-com-personalidade","status":"publish","type":"post","link":"https:\/\/enfeitedecora.com\/stories\/5-ideias-para-ter-uma-cozinha-mais-bonita-funcional-e-com-personalidade\/","title":{"rendered":"5 ideias para ter uma cozinha mais bonita, funcional e com personalidade"},"content":{"rendered":"\n<p>A cozinha \u00e9 um dos ambientes que mais evoluiu na decora\u00e7\u00e3o brasileira. Saiu do papel de espa\u00e7o escondido e virou protagonista da casa. <\/p>\n\n\n\n<p>Mas transform\u00e1-la n\u00e3o precisa envolver obra grande, \u00e0s vezes basta uma escolha certa de piso, um m\u00f3vel repensado ou um estilo que fa\u00e7a sentido com quem voc\u00ea \u00e9. Essas 5 Web Stories do Enfeite Decora mostram como.<\/p>\n\n\n\n<h2 class=\"wp-block-heading\">1. Piso de cozinha: a decis\u00e3o que afeta tudo<\/h2>\n\n\n\n<p>Resist\u00eancia, f\u00e1cil limpeza, beleza e custo \u2014 o piso ideal para cozinha precisa equilibrar todos esses fatores. E as op\u00e7\u00f5es dispon\u00edveis hoje s\u00e3o muito mais variadas do que porcelanato e cer\u00e2mica. Essa story apresenta os principais tipos, com pontos fortes e fracos de cada um para ajudar voc\u00ea a escolher com seguran\u00e7a.<\/p>\n\n\n\n<figure class=\"wp-block-embed is-type-wp-embed is-provider-stories-enfeite-decora wp-block-embed-stories-enfeite-decora\"><div class=\"wp-block-embed__wrapper\">\n<blockquote class=\"wp-embedded-content\" data-secret=\"wNqwiF6LWd\"><a href=\"https:\/\/enfeitedecora.com\/stories\/webstory\/qual-piso-escolher-para-a-cozinha\/\">Qual piso escolher para a cozinha?<\/a><\/blockquote><iframe loading=\"lazy\" class=\"wp-embedded-content\" sandbox=\"allow-scripts\" security=\"restricted\" style=\"position: absolute; visibility: hidden;\" title=\"&#8220;Qual piso escolher para a cozinha?&#8221; &#8212; Stories | Enfeite Decora\" src=\"https:\/\/enfeitedecora.com\/stories\/webstory\/qual-piso-escolher-para-a-cozinha\/embed\/#?secret=7HUGMEZn2G#?secret=wNqwiF6LWd\" data-secret=\"wNqwiF6LWd\" width=\"600\" height=\"338\" frameborder=\"0\" marginwidth=\"0\" marginheight=\"0\" scrolling=\"no\"><\/iframe>\n<\/div><\/figure>\n\n\n\n<h2 class=\"wp-block-heading\">2. Canto alem\u00e3o: o cl\u00e1ssico que voltou mais moderno do que nunca<\/h2>\n\n\n\n<p>Por muito tempo o canto alem\u00e3o ficou associado a cozinhas antigas. Mas ele voltou repaginado \u2014 com estruturas mais limpas, estofados contempor\u00e2neos e integra\u00e7\u00e3o natural com cozinhas abertas. Essa story mostra por que ele virou tend\u00eancia de novo e como incorpor\u00e1-lo sem parecer datado.<\/p>\n\n\n\n<figure class=\"wp-block-embed is-type-wp-embed is-provider-stories-enfeite-decora wp-block-embed-stories-enfeite-decora\"><div class=\"wp-block-embed__wrapper\">\n<blockquote class=\"wp-embedded-content\" data-secret=\"WMBZwhMkrT\"><a href=\"https:\/\/enfeitedecora.com\/stories\/webstory\/canto-alemao-de-volta-funcional-bonito-e-mais-atual-que-nunca\/\">Canto Alem\u00e3o de volta: funcional, bonito e mais atual que nunca<\/a><\/blockquote><iframe loading=\"lazy\" class=\"wp-embedded-content\" sandbox=\"allow-scripts\" security=\"restricted\" style=\"position: absolute; visibility: hidden;\" title=\"&#8220;Canto Alem\u00e3o de volta: funcional, bonito e mais atual que nunca&#8221; &#8212; Stories | Enfeite Decora\" src=\"https:\/\/enfeitedecora.com\/stories\/webstory\/canto-alemao-de-volta-funcional-bonito-e-mais-atual-que-nunca\/embed\/#?secret=VrVjIY6GDz#?secret=WMBZwhMkrT\" data-secret=\"WMBZwhMkrT\" width=\"600\" height=\"338\" frameborder=\"0\" marginwidth=\"0\" marginheight=\"0\" scrolling=\"no\"><\/iframe>\n<\/div><\/figure>\n\n\n\n<h2 class=\"wp-block-heading\">3. Cozinha proven\u00e7al: quando o estilo vira mem\u00f3ria afetiva<\/h2>\n\n\n\n<p>A cozinha proven\u00e7al tem um poder raro: ela faz o ambiente parecer que sempre existiu ali. Com marcenaria trabalhada, tons suaves e detalhes artesanais, esse estilo transforma o ato de cozinhar em experi\u00eancia. Essa story explica os elementos essenciais e como adaptar a linguagem proven\u00e7al para a realidade brasileira.<\/p>\n\n\n\n<figure class=\"wp-block-embed is-type-wp-embed is-provider-stories-enfeite-decora wp-block-embed-stories-enfeite-decora\"><div class=\"wp-block-embed__wrapper\">\n<blockquote class=\"wp-embedded-content\" data-secret=\"rObBDfUJ1m\"><a href=\"https:\/\/enfeitedecora.com\/stories\/webstory\/cozinha-provencal-o-estilo-que-transforma-espaco-em-memoria\/\">Cozinha proven\u00e7al: o estilo que transforma espa\u00e7o em mem\u00f3ria<\/a><\/blockquote><iframe loading=\"lazy\" class=\"wp-embedded-content\" sandbox=\"allow-scripts\" security=\"restricted\" style=\"position: absolute; visibility: hidden;\" title=\"&#8220;Cozinha proven\u00e7al: o estilo que transforma espa\u00e7o em mem\u00f3ria&#8221; &#8212; Stories | Enfeite Decora\" src=\"https:\/\/enfeitedecora.com\/stories\/webstory\/cozinha-provencal-o-estilo-que-transforma-espaco-em-memoria\/embed\/#?secret=FQjpaehmAN#?secret=rObBDfUJ1m\" data-secret=\"rObBDfUJ1m\" width=\"600\" height=\"338\" frameborder=\"0\" marginwidth=\"0\" marginheight=\"0\" scrolling=\"no\"><\/iframe>\n<\/div><\/figure>\n\n\n\n<h2 class=\"wp-block-heading\">4. Plantas na cozinha: verde que decora e ainda tem utilidade<\/h2>\n\n\n\n<p>Ter plantas na cozinha vai al\u00e9m da est\u00e9tica \u2014 ervas arom\u00e1ticas na bancada, por exemplo, decoram e ainda entram direto na receita. Essa story apresenta as melhores op\u00e7\u00f5es para o ambiente, levando em conta luminosidade, umidade e praticidade no dia a dia.<\/p>\n\n\n\n<figure class=\"wp-block-embed is-type-wp-embed is-provider-stories-enfeite-decora wp-block-embed-stories-enfeite-decora\"><div class=\"wp-block-embed__wrapper\">\n<blockquote class=\"wp-embedded-content\" data-secret=\"cHTV1ZOsJz\"><a href=\"https:\/\/enfeitedecora.com\/stories\/webstory\/plantas-na-cozinha-beleza-sabor-e-funcionalidade\/\">Plantas na cozinha: beleza, sabor e funcionalidade<\/a><\/blockquote><iframe loading=\"lazy\" class=\"wp-embedded-content\" sandbox=\"allow-scripts\" security=\"restricted\" style=\"position: absolute; visibility: hidden;\" title=\"&#8220;Plantas na cozinha: beleza, sabor e funcionalidade&#8221; &#8212; Stories | Enfeite Decora\" src=\"https:\/\/enfeitedecora.com\/stories\/webstory\/plantas-na-cozinha-beleza-sabor-e-funcionalidade\/embed\/#?secret=fwgG5oWswc#?secret=cHTV1ZOsJz\" data-secret=\"cHTV1ZOsJz\" width=\"600\" height=\"338\" frameborder=\"0\" marginwidth=\"0\" marginheight=\"0\" scrolling=\"no\"><\/iframe>\n<\/div><\/figure>\n\n\n\n<h2 class=\"wp-block-heading\">5. Torre quente: praticidade e estilo em um \u00fanico m\u00f3dulo<\/h2>\n\n\n\n<p>A torre quente ainda \u00e9 desconhecida para muita gente, mas quem a adota raramente abre m\u00e3o. Ela centraliza forno, microondas e outros eletrodom\u00e9sticos em uma coluna vertical integrada \u00e0 marcenaria, liberando bancada e organizando o visual da cozinha de uma vez. Essa story mostra como funciona e quando vale o investimento.<\/p>\n\n\n\n<figure class=\"wp-block-embed is-type-wp-embed is-provider-stories-enfeite-decora wp-block-embed-stories-enfeite-decora\"><div class=\"wp-block-embed__wrapper\">\n<blockquote class=\"wp-embedded-content\" data-secret=\"e7gft2PMrn\"><a href=\"https:\/\/enfeitedecora.com\/stories\/webstory\/torre-quente-na-cozinha-praticidade-e-estilo-em-um-so-lugar\/\">Torre quente na cozinha: praticidade e estilo em um s\u00f3 lugar<\/a><\/blockquote><iframe loading=\"lazy\" class=\"wp-embedded-content\" sandbox=\"allow-scripts\" security=\"restricted\" style=\"position: absolute; visibility: hidden;\" title=\"&#8220;Torre quente na cozinha: praticidade e estilo em um s\u00f3 lugar&#8221; &#8212; Stories | Enfeite Decora\" src=\"https:\/\/enfeitedecora.com\/stories\/webstory\/torre-quente-na-cozinha-praticidade-e-estilo-em-um-so-lugar\/embed\/#?secret=KMUdJqjBDp#?secret=e7gft2PMrn\" data-secret=\"e7gft2PMrn\" width=\"600\" height=\"338\" frameborder=\"0\" marginwidth=\"0\" marginheight=\"0\" scrolling=\"no\"><\/iframe>\n<\/div><\/figure>\n\n\n\n<hr class=\"wp-block-separator has-alpha-channel-opacity\"\/>\n\n\n\n<p><strong>Quer mais ideias para cada ambiente da sua casa? Explore todas as nossas <a href=\"https:\/\/enfeitedecora.com\/stories\/webstory\/\">Web Stories<\/a> e o portal do <a href=\"https:\/\/enfeitedecora.com\">Enfeite Decora<\/a>.<\/strong><\/p>\n","protected":false},"excerpt":{"rendered":"<p>A cozinha \u00e9 um dos ambientes que mais evoluiu na decora\u00e7\u00e3o brasileira. Saiu do papel de espa\u00e7o escondido e virou protagonista da casa. Mas transform\u00e1-la n\u00e3o precisa envolver obra grande, &#8230;<\/p>\n","protected":false},"author":1,"featured_media":2154,"comment_status":"closed","ping_status":"open","sticky":false,"template":"","format":"standard","meta":{"footnotes":""},"categories":[11],"tags":[],"class_list":["post-3100","post","type-post","status-publish","format-standard","has-post-thumbnail","hentry","category-publicacoes"],"yoast_head":"<!-- This site is optimized with the Yoast SEO plugin v27.4 - https:\/\/yoast.com\/product\/yoast-seo-wordpress\/ -->\n<title>5 ideias para ter uma cozinha mais bonita, funcional e com personalidade | Stories | Enfeite Decora<\/title>\n<meta name=\"robots\" content=\"index, follow, max-snippet:-1, max-image-preview:large, max-video-preview:-1\" \/>\n<link rel=\"canonical\" href=\"https:\/\/enfeitedecora.com\/stories\/5-ideias-para-ter-uma-cozinha-mais-bonita-funcional-e-com-personalidade\/\" \/>\n<meta property=\"og:locale\" content=\"pt_BR\" \/>\n<meta property=\"og:type\" content=\"article\" \/>\n<meta property=\"og:title\" content=\"5 ideias para ter uma cozinha mais bonita, funcional e com personalidade | Stories | Enfeite Decora\" \/>\n<meta property=\"og:description\" content=\"A cozinha \u00e9 um dos ambientes que mais evoluiu na decora\u00e7\u00e3o brasileira. Saiu do papel de espa\u00e7o escondido e virou protagonista da casa. Mas transform\u00e1-la n\u00e3o precisa envolver obra grande, ...\" \/>\n<meta property=\"og:url\" content=\"https:\/\/enfeitedecora.com\/stories\/5-ideias-para-ter-uma-cozinha-mais-bonita-funcional-e-com-personalidade\/\" \/>\n<meta property=\"og:site_name\" content=\"Stories | Enfeite Decora\" \/>\n<meta property=\"article:publisher\" content=\"https:\/\/facebook.com\/enfeitedecora\" \/>\n<meta property=\"article:published_time\" content=\"2026-03-27T17:43:47+00:00\" \/>\n<meta property=\"article:modified_time\" content=\"2026-03-27T17:43:49+00:00\" \/>\n<meta property=\"og:image\" content=\"https:\/\/enfeitedecora.com\/stories\/wp-content\/uploads\/2026\/02\/cuidados-granito-cozinha-3.jpg\" \/>\n\t<meta property=\"og:image:width\" content=\"1280\" \/>\n\t<meta property=\"og:image:height\" content=\"720\" \/>\n\t<meta property=\"og:image:type\" content=\"image\/jpeg\" \/>\n<meta name=\"author\" content=\"Enfeite Decora\" \/>\n<meta name=\"twitter:card\" content=\"summary_large_image\" \/>\n<meta name=\"twitter:label1\" content=\"Escrito por\" \/>\n\t<meta name=\"twitter:data1\" content=\"Enfeite Decora\" \/>\n\t<meta name=\"twitter:label2\" content=\"Est. tempo de leitura\" \/>\n\t<meta name=\"twitter:data2\" content=\"3 minutos\" \/>\n<script type=\"application\/ld+json\" class=\"yoast-schema-graph\">{\"@context\":\"https:\\\/\\\/schema.org\",\"@graph\":[{\"@type\":\"Article\",\"@id\":\"https:\\\/\\\/enfeitedecora.com\\\/stories\\\/5-ideias-para-ter-uma-cozinha-mais-bonita-funcional-e-com-personalidade\\\/#article\",\"isPartOf\":{\"@id\":\"https:\\\/\\\/enfeitedecora.com\\\/stories\\\/5-ideias-para-ter-uma-cozinha-mais-bonita-funcional-e-com-personalidade\\\/\"},\"author\":{\"name\":\"Enfeite Decora\",\"@id\":\"https:\\\/\\\/enfeitedecora.com\\\/stories\\\/#\\\/schema\\\/person\\\/9b0d820009848f2d495963fd1e1d84ca\"},\"headline\":\"5 ideias para ter uma cozinha mais bonita, funcional e com personalidade\",\"datePublished\":\"2026-03-27T17:43:47+00:00\",\"dateModified\":\"2026-03-27T17:43:49+00:00\",\"mainEntityOfPage\":{\"@id\":\"https:\\\/\\\/enfeitedecora.com\\\/stories\\\/5-ideias-para-ter-uma-cozinha-mais-bonita-funcional-e-com-personalidade\\\/\"},\"wordCount\":431,\"publisher\":{\"@id\":\"https:\\\/\\\/enfeitedecora.com\\\/stories\\\/#organization\"},\"image\":{\"@id\":\"https:\\\/\\\/enfeitedecora.com\\\/stories\\\/5-ideias-para-ter-uma-cozinha-mais-bonita-funcional-e-com-personalidade\\\/#primaryimage\"},\"thumbnailUrl\":\"https:\\\/\\\/enfeitedecora.com\\\/stories\\\/wp-content\\\/uploads\\\/2026\\\/02\\\/cuidados-granito-cozinha-3.jpg\",\"articleSection\":[\"Publica\u00e7\u00f5es\"],\"inLanguage\":\"pt-BR\"},{\"@type\":\"WebPage\",\"@id\":\"https:\\\/\\\/enfeitedecora.com\\\/stories\\\/5-ideias-para-ter-uma-cozinha-mais-bonita-funcional-e-com-personalidade\\\/\",\"url\":\"https:\\\/\\\/enfeitedecora.com\\\/stories\\\/5-ideias-para-ter-uma-cozinha-mais-bonita-funcional-e-com-personalidade\\\/\",\"name\":\"5 ideias para ter uma cozinha mais bonita, funcional e com personalidade | Stories | Enfeite Decora\",\"isPartOf\":{\"@id\":\"https:\\\/\\\/enfeitedecora.com\\\/stories\\\/#website\"},\"primaryImageOfPage\":{\"@id\":\"https:\\\/\\\/enfeitedecora.com\\\/stories\\\/5-ideias-para-ter-uma-cozinha-mais-bonita-funcional-e-com-personalidade\\\/#primaryimage\"},\"image\":{\"@id\":\"https:\\\/\\\/enfeitedecora.com\\\/stories\\\/5-ideias-para-ter-uma-cozinha-mais-bonita-funcional-e-com-personalidade\\\/#primaryimage\"},\"thumbnailUrl\":\"https:\\\/\\\/enfeitedecora.com\\\/stories\\\/wp-content\\\/uploads\\\/2026\\\/02\\\/cuidados-granito-cozinha-3.jpg\",\"datePublished\":\"2026-03-27T17:43:47+00:00\",\"dateModified\":\"2026-03-27T17:43:49+00:00\",\"breadcrumb\":{\"@id\":\"https:\\\/\\\/enfeitedecora.com\\\/stories\\\/5-ideias-para-ter-uma-cozinha-mais-bonita-funcional-e-com-personalidade\\\/#breadcrumb\"},\"inLanguage\":\"pt-BR\",\"potentialAction\":[{\"@type\":\"ReadAction\",\"target\":[\"https:\\\/\\\/enfeitedecora.com\\\/stories\\\/5-ideias-para-ter-uma-cozinha-mais-bonita-funcional-e-com-personalidade\\\/\"]}]},{\"@type\":\"ImageObject\",\"inLanguage\":\"pt-BR\",\"@id\":\"https:\\\/\\\/enfeitedecora.com\\\/stories\\\/5-ideias-para-ter-uma-cozinha-mais-bonita-funcional-e-com-personalidade\\\/#primaryimage\",\"url\":\"https:\\\/\\\/enfeitedecora.com\\\/stories\\\/wp-content\\\/uploads\\\/2026\\\/02\\\/cuidados-granito-cozinha-3.jpg\",\"contentUrl\":\"https:\\\/\\\/enfeitedecora.com\\\/stories\\\/wp-content\\\/uploads\\\/2026\\\/02\\\/cuidados-granito-cozinha-3.jpg\",\"width\":1280,\"height\":720},{\"@type\":\"BreadcrumbList\",\"@id\":\"https:\\\/\\\/enfeitedecora.com\\\/stories\\\/5-ideias-para-ter-uma-cozinha-mais-bonita-funcional-e-com-personalidade\\\/#breadcrumb\",\"itemListElement\":[{\"@type\":\"ListItem\",\"position\":1,\"name\":\"In\u00edcio\",\"item\":\"https:\\\/\\\/enfeitedecora.com\\\/stories\\\/\"},{\"@type\":\"ListItem\",\"position\":2,\"name\":\"5 ideias para ter uma cozinha mais bonita, funcional e com personalidade\"}]},{\"@type\":\"WebSite\",\"@id\":\"https:\\\/\\\/enfeitedecora.com\\\/stories\\\/#website\",\"url\":\"https:\\\/\\\/enfeitedecora.com\\\/stories\\\/\",\"name\":\"Stories | Enfeite Decora\",\"description\":\"\",\"publisher\":{\"@id\":\"https:\\\/\\\/enfeitedecora.com\\\/stories\\\/#organization\"},\"potentialAction\":[{\"@type\":\"SearchAction\",\"target\":{\"@type\":\"EntryPoint\",\"urlTemplate\":\"https:\\\/\\\/enfeitedecora.com\\\/stories\\\/?s={search_term_string}\"},\"query-input\":{\"@type\":\"PropertyValueSpecification\",\"valueRequired\":true,\"valueName\":\"search_term_string\"}}],\"inLanguage\":\"pt-BR\"},{\"@type\":\"Organization\",\"@id\":\"https:\\\/\\\/enfeitedecora.com\\\/stories\\\/#organization\",\"name\":\"Enfeite Decora\",\"url\":\"https:\\\/\\\/enfeitedecora.com\\\/stories\\\/\",\"logo\":{\"@type\":\"ImageObject\",\"inLanguage\":\"pt-BR\",\"@id\":\"https:\\\/\\\/enfeitedecora.com\\\/stories\\\/#\\\/schema\\\/logo\\\/image\\\/\",\"url\":\"https:\\\/\\\/enfeitedecora.com\\\/stories\\\/wp-content\\\/uploads\\\/2025\\\/10\\\/Logo_1614472736542_1614473478595_2-removebg-preview.png\",\"contentUrl\":\"https:\\\/\\\/enfeitedecora.com\\\/stories\\\/wp-content\\\/uploads\\\/2025\\\/10\\\/Logo_1614472736542_1614473478595_2-removebg-preview.png\",\"width\":498,\"height\":501,\"caption\":\"Enfeite Decora\"},\"image\":{\"@id\":\"https:\\\/\\\/enfeitedecora.com\\\/stories\\\/#\\\/schema\\\/logo\\\/image\\\/\"},\"sameAs\":[\"https:\\\/\\\/facebook.com\\\/enfeitedecora\"]},{\"@type\":\"Person\",\"@id\":\"https:\\\/\\\/enfeitedecora.com\\\/stories\\\/#\\\/schema\\\/person\\\/9b0d820009848f2d495963fd1e1d84ca\",\"name\":\"Enfeite Decora\",\"image\":{\"@type\":\"ImageObject\",\"inLanguage\":\"pt-BR\",\"@id\":\"https:\\\/\\\/enfeitedecora.com\\\/stories\\\/wp-content\\\/litespeed\\\/avatar\\\/f3bcdc045383ee3c85d2910fa25676a0.jpg?ver=1777484027\",\"url\":\"https:\\\/\\\/enfeitedecora.com\\\/stories\\\/wp-content\\\/litespeed\\\/avatar\\\/f3bcdc045383ee3c85d2910fa25676a0.jpg?ver=1777484027\",\"contentUrl\":\"https:\\\/\\\/enfeitedecora.com\\\/stories\\\/wp-content\\\/litespeed\\\/avatar\\\/f3bcdc045383ee3c85d2910fa25676a0.jpg?ver=1777484027\",\"caption\":\"Enfeite Decora\"},\"description\":\"O Enfeitedecora \u00e9 uma plataforma de conte\u00fado especializado dedicada a traduzir o universo da arquitetura, do design de interiores e do paisagismo em solu\u00e7\u00f5es pr\u00e1ticas e inspiradoras. O projeto \u00e9 idealizado e fundado por Cl\u00e1udio P. Filla e realizado pela Editora CFILLA (CNPJ: 47.923.569\\\/0001-92). Nossa Lideran\u00e7a e Vis\u00e3o Multidisciplinar Com quase 11 anos de experi\u00eancia no mercado de comunica\u00e7\u00e3o e m\u00eddias digitais, Cl\u00e1udio P. Filla atua como Editor-chefe e Estrategista de Conte\u00fado. Sua trajet\u00f3ria inclui a reda\u00e7\u00e3o especializada em portais de relev\u00e2ncia nacional, como o Agro na M\u00eddia, o que confere ao Enfeitedecora uma vis\u00e3o multidisciplinar \u00fanica: a uni\u00e3o entre o conhecimento t\u00e9cnico do setor produtivo e paisag\u00edstico com a sofistica\u00e7\u00e3o do design urbano.\",\"sameAs\":[\"https:\\\/\\\/enfeitedecora.com\\\/stories\"],\"url\":\"https:\\\/\\\/enfeitedecora.com\\\/stories\\\/author\\\/enfeitedecoraadm\\\/\"}]}<\/script>\n<!-- \/ Yoast SEO plugin. -->","yoast_head_json":{"title":"5 ideias para ter uma cozinha mais bonita, funcional e com personalidade | Stories | Enfeite Decora","robots":{"index":"index","follow":"follow","max-snippet":"max-snippet:-1","max-image-preview":"max-image-preview:large","max-video-preview":"max-video-preview:-1"},"canonical":"https:\/\/enfeitedecora.com\/stories\/5-ideias-para-ter-uma-cozinha-mais-bonita-funcional-e-com-personalidade\/","og_locale":"pt_BR","og_type":"article","og_title":"5 ideias para ter uma cozinha mais bonita, funcional e com personalidade | Stories | Enfeite Decora","og_description":"A cozinha \u00e9 um dos ambientes que mais evoluiu na decora\u00e7\u00e3o brasileira. Saiu do papel de espa\u00e7o escondido e virou protagonista da casa. Mas transform\u00e1-la n\u00e3o precisa envolver obra grande, ...","og_url":"https:\/\/enfeitedecora.com\/stories\/5-ideias-para-ter-uma-cozinha-mais-bonita-funcional-e-com-personalidade\/","og_site_name":"Stories | Enfeite Decora","article_publisher":"https:\/\/facebook.com\/enfeitedecora","article_published_time":"2026-03-27T17:43:47+00:00","article_modified_time":"2026-03-27T17:43:49+00:00","og_image":[{"width":1280,"height":720,"url":"https:\/\/enfeitedecora.com\/stories\/wp-content\/uploads\/2026\/02\/cuidados-granito-cozinha-3.jpg","type":"image\/jpeg"}],"author":"Enfeite Decora","twitter_card":"summary_large_image","twitter_misc":{"Escrito por":"Enfeite Decora","Est. tempo de leitura":"3 minutos"},"schema":{"@context":"https:\/\/schema.org","@graph":[{"@type":"Article","@id":"https:\/\/enfeitedecora.com\/stories\/5-ideias-para-ter-uma-cozinha-mais-bonita-funcional-e-com-personalidade\/#article","isPartOf":{"@id":"https:\/\/enfeitedecora.com\/stories\/5-ideias-para-ter-uma-cozinha-mais-bonita-funcional-e-com-personalidade\/"},"author":{"name":"Enfeite Decora","@id":"https:\/\/enfeitedecora.com\/stories\/#\/schema\/person\/9b0d820009848f2d495963fd1e1d84ca"},"headline":"5 ideias para ter uma cozinha mais bonita, funcional e com personalidade","datePublished":"2026-03-27T17:43:47+00:00","dateModified":"2026-03-27T17:43:49+00:00","mainEntityOfPage":{"@id":"https:\/\/enfeitedecora.com\/stories\/5-ideias-para-ter-uma-cozinha-mais-bonita-funcional-e-com-personalidade\/"},"wordCount":431,"publisher":{"@id":"https:\/\/enfeitedecora.com\/stories\/#organization"},"image":{"@id":"https:\/\/enfeitedecora.com\/stories\/5-ideias-para-ter-uma-cozinha-mais-bonita-funcional-e-com-personalidade\/#primaryimage"},"thumbnailUrl":"https:\/\/enfeitedecora.com\/stories\/wp-content\/uploads\/2026\/02\/cuidados-granito-cozinha-3.jpg","articleSection":["Publica\u00e7\u00f5es"],"inLanguage":"pt-BR"},{"@type":"WebPage","@id":"https:\/\/enfeitedecora.com\/stories\/5-ideias-para-ter-uma-cozinha-mais-bonita-funcional-e-com-personalidade\/","url":"https:\/\/enfeitedecora.com\/stories\/5-ideias-para-ter-uma-cozinha-mais-bonita-funcional-e-com-personalidade\/","name":"5 ideias para ter uma cozinha mais bonita, funcional e com personalidade | Stories | Enfeite Decora","isPartOf":{"@id":"https:\/\/enfeitedecora.com\/stories\/#website"},"primaryImageOfPage":{"@id":"https:\/\/enfeitedecora.com\/stories\/5-ideias-para-ter-uma-cozinha-mais-bonita-funcional-e-com-personalidade\/#primaryimage"},"image":{"@id":"https:\/\/enfeitedecora.com\/stories\/5-ideias-para-ter-uma-cozinha-mais-bonita-funcional-e-com-personalidade\/#primaryimage"},"thumbnailUrl":"https:\/\/enfeitedecora.com\/stories\/wp-content\/uploads\/2026\/02\/cuidados-granito-cozinha-3.jpg","datePublished":"2026-03-27T17:43:47+00:00","dateModified":"2026-03-27T17:43:49+00:00","breadcrumb":{"@id":"https:\/\/enfeitedecora.com\/stories\/5-ideias-para-ter-uma-cozinha-mais-bonita-funcional-e-com-personalidade\/#breadcrumb"},"inLanguage":"pt-BR","potentialAction":[{"@type":"ReadAction","target":["https:\/\/enfeitedecora.com\/stories\/5-ideias-para-ter-uma-cozinha-mais-bonita-funcional-e-com-personalidade\/"]}]},{"@type":"ImageObject","inLanguage":"pt-BR","@id":"https:\/\/enfeitedecora.com\/stories\/5-ideias-para-ter-uma-cozinha-mais-bonita-funcional-e-com-personalidade\/#primaryimage","url":"https:\/\/enfeitedecora.com\/stories\/wp-content\/uploads\/2026\/02\/cuidados-granito-cozinha-3.jpg","contentUrl":"https:\/\/enfeitedecora.com\/stories\/wp-content\/uploads\/2026\/02\/cuidados-granito-cozinha-3.jpg","width":1280,"height":720},{"@type":"BreadcrumbList","@id":"https:\/\/enfeitedecora.com\/stories\/5-ideias-para-ter-uma-cozinha-mais-bonita-funcional-e-com-personalidade\/#breadcrumb","itemListElement":[{"@type":"ListItem","position":1,"name":"In\u00edcio","item":"https:\/\/enfeitedecora.com\/stories\/"},{"@type":"ListItem","position":2,"name":"5 ideias para ter uma cozinha mais bonita, funcional e com personalidade"}]},{"@type":"WebSite","@id":"https:\/\/enfeitedecora.com\/stories\/#website","url":"https:\/\/enfeitedecora.com\/stories\/","name":"Stories | Enfeite Decora","description":"","publisher":{"@id":"https:\/\/enfeitedecora.com\/stories\/#organization"},"potentialAction":[{"@type":"SearchAction","target":{"@type":"EntryPoint","urlTemplate":"https:\/\/enfeitedecora.com\/stories\/?s={search_term_string}"},"query-input":{"@type":"PropertyValueSpecification","valueRequired":true,"valueName":"search_term_string"}}],"inLanguage":"pt-BR"},{"@type":"Organization","@id":"https:\/\/enfeitedecora.com\/stories\/#organization","name":"Enfeite Decora","url":"https:\/\/enfeitedecora.com\/stories\/","logo":{"@type":"ImageObject","inLanguage":"pt-BR","@id":"https:\/\/enfeitedecora.com\/stories\/#\/schema\/logo\/image\/","url":"https:\/\/enfeitedecora.com\/stories\/wp-content\/uploads\/2025\/10\/Logo_1614472736542_1614473478595_2-removebg-preview.png","contentUrl":"https:\/\/enfeitedecora.com\/stories\/wp-content\/uploads\/2025\/10\/Logo_1614472736542_1614473478595_2-removebg-preview.png","width":498,"height":501,"caption":"Enfeite Decora"},"image":{"@id":"https:\/\/enfeitedecora.com\/stories\/#\/schema\/logo\/image\/"},"sameAs":["https:\/\/facebook.com\/enfeitedecora"]},{"@type":"Person","@id":"https:\/\/enfeitedecora.com\/stories\/#\/schema\/person\/9b0d820009848f2d495963fd1e1d84ca","name":"Enfeite Decora","image":{"@type":"ImageObject","inLanguage":"pt-BR","@id":"https:\/\/enfeitedecora.com\/stories\/wp-content\/litespeed\/avatar\/f3bcdc045383ee3c85d2910fa25676a0.jpg?ver=1777484027","url":"https:\/\/enfeitedecora.com\/stories\/wp-content\/litespeed\/avatar\/f3bcdc045383ee3c85d2910fa25676a0.jpg?ver=1777484027","contentUrl":"https:\/\/enfeitedecora.com\/stories\/wp-content\/litespeed\/avatar\/f3bcdc045383ee3c85d2910fa25676a0.jpg?ver=1777484027","caption":"Enfeite Decora"},"description":"O Enfeitedecora \u00e9 uma plataforma de conte\u00fado especializado dedicada a traduzir o universo da arquitetura, do design de interiores e do paisagismo em solu\u00e7\u00f5es pr\u00e1ticas e inspiradoras. O projeto \u00e9 idealizado e fundado por Cl\u00e1udio P. Filla e realizado pela Editora CFILLA (CNPJ: 47.923.569\/0001-92). Nossa Lideran\u00e7a e Vis\u00e3o Multidisciplinar Com quase 11 anos de experi\u00eancia no mercado de comunica\u00e7\u00e3o e m\u00eddias digitais, Cl\u00e1udio P. Filla atua como Editor-chefe e Estrategista de Conte\u00fado. Sua trajet\u00f3ria inclui a reda\u00e7\u00e3o especializada em portais de relev\u00e2ncia nacional, como o Agro na M\u00eddia, o que confere ao Enfeitedecora uma vis\u00e3o multidisciplinar \u00fanica: a uni\u00e3o entre o conhecimento t\u00e9cnico do setor produtivo e paisag\u00edstico com a sofistica\u00e7\u00e3o do design urbano.","sameAs":["https:\/\/enfeitedecora.com\/stories"],"url":"https:\/\/enfeitedecora.com\/stories\/author\/enfeitedecoraadm\/"}]}},"_links":{"self":[{"href":"https:\/\/enfeitedecora.com\/stories\/wp-json\/wp\/v2\/posts\/3100","targetHints":{"allow":["GET"]}}],"collection":[{"href":"https:\/\/enfeitedecora.com\/stories\/wp-json\/wp\/v2\/posts"}],"about":[{"href":"https:\/\/enfeitedecora.com\/stories\/wp-json\/wp\/v2\/types\/post"}],"author":[{"embeddable":true,"href":"https:\/\/enfeitedecora.com\/stories\/wp-json\/wp\/v2\/users\/1"}],"replies":[{"embeddable":true,"href":"https:\/\/enfeitedecora.com\/stories\/wp-json\/wp\/v2\/comments?post=3100"}],"version-history":[{"count":1,"href":"https:\/\/enfeitedecora.com\/stories\/wp-json\/wp\/v2\/posts\/3100\/revisions"}],"predecessor-version":[{"id":3101,"href":"https:\/\/enfeitedecora.com\/stories\/wp-json\/wp\/v2\/posts\/3100\/revisions\/3101"}],"wp:featuredmedia":[{"embeddable":true,"href":"https:\/\/enfeitedecora.com\/stories\/wp-json\/wp\/v2\/media\/2154"}],"wp:attachment":[{"href":"https:\/\/enfeitedecora.com\/stories\/wp-json\/wp\/v2\/media?parent=3100"}],"wp:term":[{"taxonomy":"category","embeddable":true,"href":"https:\/\/enfeitedecora.com\/stories\/wp-json\/wp\/v2\/categories?post=3100"},{"taxonomy":"post_tag","embeddable":true,"href":"https:\/\/enfeitedecora.com\/stories\/wp-json\/wp\/v2\/tags?post=3100"}],"curies":[{"name":"wp","href":"https:\/\/api.w.org\/{rel}","templated":true}]}}