{"id":3055,"date":"2026-03-26T10:56:18","date_gmt":"2026-03-26T13:56:18","guid":{"rendered":"https:\/\/enfeitedecora.com\/stories\/?p=3055"},"modified":"2026-03-26T10:56:20","modified_gmt":"2026-03-26T13:56:20","slug":"5-plantas-que-decoram-surpreendem-e-sao-faceis-de-cuidar","status":"publish","type":"post","link":"https:\/\/enfeitedecora.com\/stories\/5-plantas-que-decoram-surpreendem-e-sao-faceis-de-cuidar\/","title":{"rendered":"5 plantas que decoram, surpreendem e s\u00e3o f\u00e1ceis de cuidar"},"content":{"rendered":"\n<p>Ter plantas em casa vai muito al\u00e9m da est\u00e9tica, elas trazem vida, aconchego e at\u00e9 influenciam a sensa\u00e7\u00e3o de bem-estar no ambiente. Mas a escolha certa faz toda a diferen\u00e7a. <\/p>\n\n\n\n<p>Separamos 5 Web Stories do Enfeite Decora sobre plantas que valem cada cent\u00edmetro de espa\u00e7o, seja num apartamento compacto ou num jardim generoso.<\/p>\n\n\n\n<h2 class=\"wp-block-heading\">1. Kalanchoe: pequena, colorida e cheia de personalidade<\/h2>\n\n\n\n<p>Poucos sabem que a kalanchoe \u00e9 uma das plantas mais vers\u00e1teis para decora\u00e7\u00e3o de interiores. Ela floresce por semanas, ocupa pouco espa\u00e7o e combina com praticamente qualquer estilo de ambiente. Essa story mostra como us\u00e1-la de forma inteligente na decora\u00e7\u00e3o e quais cuidados ela realmente exige.<\/p>\n\n\n\n<figure class=\"wp-block-embed is-type-wp-embed is-provider-stories-enfeite-decora wp-block-embed-stories-enfeite-decora\"><div class=\"wp-block-embed__wrapper\">\n<blockquote class=\"wp-embedded-content\" data-secret=\"ipYzL0K34x\"><a href=\"https:\/\/enfeitedecora.com\/stories\/webstory\/kalanchoe-a-pequena-planta-que-faz-a-diferenca-na-decoracao\/\">Kalanchoe: a pequena planta que faz a diferen\u00e7a na decora\u00e7\u00e3o<\/a><\/blockquote><iframe loading=\"lazy\" class=\"wp-embedded-content\" sandbox=\"allow-scripts\" security=\"restricted\" style=\"position: absolute; visibility: hidden;\" title=\"&#8220;Kalanchoe: a pequena planta que faz a diferen\u00e7a na decora\u00e7\u00e3o&#8221; &#8212; Stories | Enfeite Decora\" src=\"https:\/\/enfeitedecora.com\/stories\/webstory\/kalanchoe-a-pequena-planta-que-faz-a-diferenca-na-decoracao\/embed\/#?secret=1tGCtDo85p#?secret=ipYzL0K34x\" data-secret=\"ipYzL0K34x\" width=\"600\" height=\"338\" frameborder=\"0\" marginwidth=\"0\" marginheight=\"0\" scrolling=\"no\"><\/iframe>\n<\/div><\/figure>\n\n\n\n<h2 class=\"wp-block-heading\">2. Zamioculca e feng shui: onde colocar para atrair prosperidade<\/h2>\n\n\n\n<p>A zamioculca j\u00e1 \u00e9 conhecida por ser resistente e elegante. Mas existe uma camada a mais nessa hist\u00f3ria: segundo o feng shui, o posicionamento dela dentro de casa pode influenciar diretamente a energia dos ambientes. Essa story explica onde coloc\u00e1-la e por qu\u00ea.<\/p>\n\n\n\n<figure class=\"wp-block-embed is-type-wp-embed is-provider-stories-enfeite-decora wp-block-embed-stories-enfeite-decora\"><div class=\"wp-block-embed__wrapper\">\n<blockquote class=\"wp-embedded-content\" data-secret=\"AwQXdLYBSX\"><a href=\"https:\/\/enfeitedecora.com\/stories\/webstory\/feng-shui-e-zamioculca-onde-posicionar-para-atrair-prosperidade\/\">Feng shui e zamioculca: onde posicionar para atrair prosperidade<\/a><\/blockquote><iframe loading=\"lazy\" class=\"wp-embedded-content\" sandbox=\"allow-scripts\" security=\"restricted\" style=\"position: absolute; visibility: hidden;\" title=\"&#8220;Feng shui e zamioculca: onde posicionar para atrair prosperidade&#8221; &#8212; Stories | Enfeite Decora\" src=\"https:\/\/enfeitedecora.com\/stories\/webstory\/feng-shui-e-zamioculca-onde-posicionar-para-atrair-prosperidade\/embed\/#?secret=99EUMT3q54#?secret=AwQXdLYBSX\" data-secret=\"AwQXdLYBSX\" width=\"600\" height=\"338\" frameborder=\"0\" marginwidth=\"0\" marginheight=\"0\" scrolling=\"no\"><\/iframe>\n<\/div><\/figure>\n\n\n\n<h2 class=\"wp-block-heading\">3. Gengibre em casa: da horta ao vaso, do vaso \u00e0 cozinha<\/h2>\n\n\n\n<p>Cultivar gengibre em casa \u00e9 mais simples do que parece \u2014 e o resultado vai al\u00e9m da decora\u00e7\u00e3o. Essa story \u00e9 um guia pr\u00e1tico para quem quer come\u00e7ar, mostrando o tipo de vaso ideal, a quantidade de luz necess\u00e1ria e quando esperar os primeiros brotos.<\/p>\n\n\n\n<figure class=\"wp-block-embed is-type-wp-embed is-provider-stories-enfeite-decora wp-block-embed-stories-enfeite-decora\"><div class=\"wp-block-embed__wrapper\">\n<blockquote class=\"wp-embedded-content\" data-secret=\"IUS6jzkmTc\"><a href=\"https:\/\/enfeitedecora.com\/stories\/webstory\/gengibre-em-casa-o-guia-pratico-para-quem-quer-comecar\/\">Gengibre em casa: o guia pr\u00e1tico para quem quer come\u00e7ar<\/a><\/blockquote><iframe loading=\"lazy\" class=\"wp-embedded-content\" sandbox=\"allow-scripts\" security=\"restricted\" style=\"position: absolute; visibility: hidden;\" title=\"&#8220;Gengibre em casa: o guia pr\u00e1tico para quem quer come\u00e7ar&#8221; &#8212; Stories | Enfeite Decora\" src=\"https:\/\/enfeitedecora.com\/stories\/webstory\/gengibre-em-casa-o-guia-pratico-para-quem-quer-comecar\/embed\/#?secret=ltnyRM81Uy#?secret=IUS6jzkmTc\" data-secret=\"IUS6jzkmTc\" width=\"600\" height=\"338\" frameborder=\"0\" marginwidth=\"0\" marginheight=\"0\" scrolling=\"no\"><\/iframe>\n<\/div><\/figure>\n\n\n\n<h2 class=\"wp-block-heading\">4. Maracuj\u00e1 p\u00e9 de pato: a planta que muda de cor com a luz<\/h2>\n\n\n\n<p>Esse \u00e9 um daqueles casos em que a natureza supera qualquer objeto decorativo. O maracuj\u00e1 p\u00e9 de pato tem flores que mudam de tonalidade conforme a incid\u00eancia de luz \u2014 e essa story mostra o fen\u00f4meno de perto, al\u00e9m de explicar como cultivar essa esp\u00e9cie surpreendente.<\/p>\n\n\n\n<figure class=\"wp-block-embed is-type-wp-embed is-provider-stories-enfeite-decora wp-block-embed-stories-enfeite-decora\"><div class=\"wp-block-embed__wrapper\">\n<blockquote class=\"wp-embedded-content\" data-secret=\"OsddVddExd\"><a href=\"https:\/\/enfeitedecora.com\/stories\/webstory\/maracuja-pe-de-pato-a-planta-que-muda-de-cor-com-a-luz\/\">Maracuj\u00e1 p\u00e9 de pato: a planta que muda de cor com a luz<\/a><\/blockquote><iframe loading=\"lazy\" class=\"wp-embedded-content\" sandbox=\"allow-scripts\" security=\"restricted\" style=\"position: absolute; visibility: hidden;\" title=\"&#8220;Maracuj\u00e1 p\u00e9 de pato: a planta que muda de cor com a luz&#8221; &#8212; Stories | Enfeite Decora\" src=\"https:\/\/enfeitedecora.com\/stories\/webstory\/maracuja-pe-de-pato-a-planta-que-muda-de-cor-com-a-luz\/embed\/#?secret=mrPzJXh3Jl#?secret=OsddVddExd\" data-secret=\"OsddVddExd\" width=\"600\" height=\"338\" frameborder=\"0\" marginwidth=\"0\" marginheight=\"0\" scrolling=\"no\"><\/iframe>\n<\/div><\/figure>\n\n\n\n<h2 class=\"wp-block-heading\">5. Boca-de-le\u00e3o: a flor que redefine canteiros e jardins<\/h2>\n\n\n\n<p>A boca-de-le\u00e3o voltou com for\u00e7a para os jardins brasileiros \u2014 e n\u00e3o \u00e9 \u00e0 toa. Com cores vibrantes, formato \u00fanico e grande durabilidade, ela transforma canteiros simples em composi\u00e7\u00f5es visuais marcantes. Essa story mostra como us\u00e1-la com intelig\u00eancia no paisagismo.<\/p>\n\n\n\n<figure class=\"wp-block-embed is-type-wp-embed is-provider-stories-enfeite-decora wp-block-embed-stories-enfeite-decora\"><div class=\"wp-block-embed__wrapper\">\n<blockquote class=\"wp-embedded-content\" data-secret=\"YkDFZ6zOtZ\"><a href=\"https:\/\/enfeitedecora.com\/stories\/webstory\/boca-de-leao-a-flor-que-redefine-canteiros-e-jardins\/\">Boca-de-le\u00e3o: a flor que redefine canteiros e jardins<\/a><\/blockquote><iframe loading=\"lazy\" class=\"wp-embedded-content\" sandbox=\"allow-scripts\" security=\"restricted\" style=\"position: absolute; visibility: hidden;\" title=\"&#8220;Boca-de-le\u00e3o: a flor que redefine canteiros e jardins&#8221; &#8212; Stories | Enfeite Decora\" src=\"https:\/\/enfeitedecora.com\/stories\/webstory\/boca-de-leao-a-flor-que-redefine-canteiros-e-jardins\/embed\/#?secret=CXUv1cbHqf#?secret=YkDFZ6zOtZ\" data-secret=\"YkDFZ6zOtZ\" width=\"600\" height=\"338\" frameborder=\"0\" marginwidth=\"0\" marginheight=\"0\" scrolling=\"no\"><\/iframe>\n<\/div><\/figure>\n\n\n\n<hr class=\"wp-block-separator has-alpha-channel-opacity\"\/>\n\n\n\n<p><strong>Quer mais inspira\u00e7\u00e3o para deixar sua casa mais viva? Explore todas as nossas <a href=\"https:\/\/enfeitedecora.com\/stories\/webstory\/\">Web Stories<\/a><\/strong> e as <a href=\"https:\/\/enfeitedecora.com\">novidades do portal do Enfeite Decora.<\/a><\/p>\n","protected":false},"excerpt":{"rendered":"<p>Ter plantas em casa vai muito al\u00e9m da est\u00e9tica, elas trazem vida, aconchego e at\u00e9 influenciam a sensa\u00e7\u00e3o de bem-estar no ambiente. Mas a escolha certa faz toda a diferen\u00e7a. &#8230;<\/p>\n","protected":false},"author":1,"featured_media":1344,"comment_status":"closed","ping_status":"open","sticky":false,"template":"","format":"standard","meta":{"footnotes":""},"categories":[11],"tags":[],"class_list":["post-3055","post","type-post","status-publish","format-standard","has-post-thumbnail","hentry","category-publicacoes"],"yoast_head":"<!-- This site is optimized with the Yoast SEO plugin v27.4 - https:\/\/yoast.com\/product\/yoast-seo-wordpress\/ -->\n<title>5 plantas que decoram, surpreendem e s\u00e3o f\u00e1ceis de cuidar | Stories | Enfeite Decora<\/title>\n<meta name=\"robots\" content=\"index, follow, max-snippet:-1, max-image-preview:large, max-video-preview:-1\" \/>\n<link rel=\"canonical\" href=\"https:\/\/enfeitedecora.com\/stories\/5-plantas-que-decoram-surpreendem-e-sao-faceis-de-cuidar\/\" \/>\n<meta property=\"og:locale\" content=\"pt_BR\" \/>\n<meta property=\"og:type\" content=\"article\" \/>\n<meta property=\"og:title\" content=\"5 plantas que decoram, surpreendem e s\u00e3o f\u00e1ceis de cuidar | Stories | Enfeite Decora\" \/>\n<meta property=\"og:description\" content=\"Ter plantas em casa vai muito al\u00e9m da est\u00e9tica, elas trazem vida, aconchego e at\u00e9 influenciam a sensa\u00e7\u00e3o de bem-estar no ambiente. Mas a escolha certa faz toda a diferen\u00e7a. ...\" \/>\n<meta property=\"og:url\" content=\"https:\/\/enfeitedecora.com\/stories\/5-plantas-que-decoram-surpreendem-e-sao-faceis-de-cuidar\/\" \/>\n<meta property=\"og:site_name\" content=\"Stories | Enfeite Decora\" \/>\n<meta property=\"article:publisher\" content=\"https:\/\/facebook.com\/enfeitedecora\" \/>\n<meta property=\"article:published_time\" content=\"2026-03-26T13:56:18+00:00\" \/>\n<meta property=\"article:modified_time\" content=\"2026-03-26T13:56:20+00:00\" \/>\n<meta property=\"og:image\" content=\"https:\/\/enfeitedecora.com\/stories\/wp-content\/uploads\/2026\/01\/kalanchoe-1.jpg\" \/>\n\t<meta property=\"og:image:width\" content=\"1280\" \/>\n\t<meta property=\"og:image:height\" content=\"720\" \/>\n\t<meta property=\"og:image:type\" content=\"image\/jpeg\" \/>\n<meta name=\"author\" content=\"Enfeite Decora\" \/>\n<meta name=\"twitter:card\" content=\"summary_large_image\" \/>\n<meta name=\"twitter:label1\" content=\"Escrito por\" \/>\n\t<meta name=\"twitter:data1\" content=\"Enfeite Decora\" \/>\n\t<meta name=\"twitter:label2\" content=\"Est. tempo de leitura\" \/>\n\t<meta name=\"twitter:data2\" content=\"3 minutos\" \/>\n<script type=\"application\/ld+json\" class=\"yoast-schema-graph\">{\"@context\":\"https:\\\/\\\/schema.org\",\"@graph\":[{\"@type\":\"Article\",\"@id\":\"https:\\\/\\\/enfeitedecora.com\\\/stories\\\/5-plantas-que-decoram-surpreendem-e-sao-faceis-de-cuidar\\\/#article\",\"isPartOf\":{\"@id\":\"https:\\\/\\\/enfeitedecora.com\\\/stories\\\/5-plantas-que-decoram-surpreendem-e-sao-faceis-de-cuidar\\\/\"},\"author\":{\"name\":\"Enfeite Decora\",\"@id\":\"https:\\\/\\\/enfeitedecora.com\\\/stories\\\/#\\\/schema\\\/person\\\/9b0d820009848f2d495963fd1e1d84ca\"},\"headline\":\"5 plantas que decoram, surpreendem e s\u00e3o f\u00e1ceis de cuidar\",\"datePublished\":\"2026-03-26T13:56:18+00:00\",\"dateModified\":\"2026-03-26T13:56:20+00:00\",\"mainEntityOfPage\":{\"@id\":\"https:\\\/\\\/enfeitedecora.com\\\/stories\\\/5-plantas-que-decoram-surpreendem-e-sao-faceis-de-cuidar\\\/\"},\"wordCount\":403,\"publisher\":{\"@id\":\"https:\\\/\\\/enfeitedecora.com\\\/stories\\\/#organization\"},\"image\":{\"@id\":\"https:\\\/\\\/enfeitedecora.com\\\/stories\\\/5-plantas-que-decoram-surpreendem-e-sao-faceis-de-cuidar\\\/#primaryimage\"},\"thumbnailUrl\":\"https:\\\/\\\/enfeitedecora.com\\\/stories\\\/wp-content\\\/uploads\\\/2026\\\/01\\\/kalanchoe-1.jpg\",\"articleSection\":[\"Publica\u00e7\u00f5es\"],\"inLanguage\":\"pt-BR\"},{\"@type\":\"WebPage\",\"@id\":\"https:\\\/\\\/enfeitedecora.com\\\/stories\\\/5-plantas-que-decoram-surpreendem-e-sao-faceis-de-cuidar\\\/\",\"url\":\"https:\\\/\\\/enfeitedecora.com\\\/stories\\\/5-plantas-que-decoram-surpreendem-e-sao-faceis-de-cuidar\\\/\",\"name\":\"5 plantas que decoram, surpreendem e s\u00e3o f\u00e1ceis de cuidar | Stories | Enfeite Decora\",\"isPartOf\":{\"@id\":\"https:\\\/\\\/enfeitedecora.com\\\/stories\\\/#website\"},\"primaryImageOfPage\":{\"@id\":\"https:\\\/\\\/enfeitedecora.com\\\/stories\\\/5-plantas-que-decoram-surpreendem-e-sao-faceis-de-cuidar\\\/#primaryimage\"},\"image\":{\"@id\":\"https:\\\/\\\/enfeitedecora.com\\\/stories\\\/5-plantas-que-decoram-surpreendem-e-sao-faceis-de-cuidar\\\/#primaryimage\"},\"thumbnailUrl\":\"https:\\\/\\\/enfeitedecora.com\\\/stories\\\/wp-content\\\/uploads\\\/2026\\\/01\\\/kalanchoe-1.jpg\",\"datePublished\":\"2026-03-26T13:56:18+00:00\",\"dateModified\":\"2026-03-26T13:56:20+00:00\",\"breadcrumb\":{\"@id\":\"https:\\\/\\\/enfeitedecora.com\\\/stories\\\/5-plantas-que-decoram-surpreendem-e-sao-faceis-de-cuidar\\\/#breadcrumb\"},\"inLanguage\":\"pt-BR\",\"potentialAction\":[{\"@type\":\"ReadAction\",\"target\":[\"https:\\\/\\\/enfeitedecora.com\\\/stories\\\/5-plantas-que-decoram-surpreendem-e-sao-faceis-de-cuidar\\\/\"]}]},{\"@type\":\"ImageObject\",\"inLanguage\":\"pt-BR\",\"@id\":\"https:\\\/\\\/enfeitedecora.com\\\/stories\\\/5-plantas-que-decoram-surpreendem-e-sao-faceis-de-cuidar\\\/#primaryimage\",\"url\":\"https:\\\/\\\/enfeitedecora.com\\\/stories\\\/wp-content\\\/uploads\\\/2026\\\/01\\\/kalanchoe-1.jpg\",\"contentUrl\":\"https:\\\/\\\/enfeitedecora.com\\\/stories\\\/wp-content\\\/uploads\\\/2026\\\/01\\\/kalanchoe-1.jpg\",\"width\":1280,\"height\":720,\"caption\":\"kalanchoe-1\"},{\"@type\":\"BreadcrumbList\",\"@id\":\"https:\\\/\\\/enfeitedecora.com\\\/stories\\\/5-plantas-que-decoram-surpreendem-e-sao-faceis-de-cuidar\\\/#breadcrumb\",\"itemListElement\":[{\"@type\":\"ListItem\",\"position\":1,\"name\":\"In\u00edcio\",\"item\":\"https:\\\/\\\/enfeitedecora.com\\\/stories\\\/\"},{\"@type\":\"ListItem\",\"position\":2,\"name\":\"5 plantas que decoram, surpreendem e s\u00e3o f\u00e1ceis de cuidar\"}]},{\"@type\":\"WebSite\",\"@id\":\"https:\\\/\\\/enfeitedecora.com\\\/stories\\\/#website\",\"url\":\"https:\\\/\\\/enfeitedecora.com\\\/stories\\\/\",\"name\":\"Stories | Enfeite Decora\",\"description\":\"\",\"publisher\":{\"@id\":\"https:\\\/\\\/enfeitedecora.com\\\/stories\\\/#organization\"},\"potentialAction\":[{\"@type\":\"SearchAction\",\"target\":{\"@type\":\"EntryPoint\",\"urlTemplate\":\"https:\\\/\\\/enfeitedecora.com\\\/stories\\\/?s={search_term_string}\"},\"query-input\":{\"@type\":\"PropertyValueSpecification\",\"valueRequired\":true,\"valueName\":\"search_term_string\"}}],\"inLanguage\":\"pt-BR\"},{\"@type\":\"Organization\",\"@id\":\"https:\\\/\\\/enfeitedecora.com\\\/stories\\\/#organization\",\"name\":\"Enfeite Decora\",\"url\":\"https:\\\/\\\/enfeitedecora.com\\\/stories\\\/\",\"logo\":{\"@type\":\"ImageObject\",\"inLanguage\":\"pt-BR\",\"@id\":\"https:\\\/\\\/enfeitedecora.com\\\/stories\\\/#\\\/schema\\\/logo\\\/image\\\/\",\"url\":\"https:\\\/\\\/enfeitedecora.com\\\/stories\\\/wp-content\\\/uploads\\\/2025\\\/10\\\/Logo_1614472736542_1614473478595_2-removebg-preview.png\",\"contentUrl\":\"https:\\\/\\\/enfeitedecora.com\\\/stories\\\/wp-content\\\/uploads\\\/2025\\\/10\\\/Logo_1614472736542_1614473478595_2-removebg-preview.png\",\"width\":498,\"height\":501,\"caption\":\"Enfeite Decora\"},\"image\":{\"@id\":\"https:\\\/\\\/enfeitedecora.com\\\/stories\\\/#\\\/schema\\\/logo\\\/image\\\/\"},\"sameAs\":[\"https:\\\/\\\/facebook.com\\\/enfeitedecora\"]},{\"@type\":\"Person\",\"@id\":\"https:\\\/\\\/enfeitedecora.com\\\/stories\\\/#\\\/schema\\\/person\\\/9b0d820009848f2d495963fd1e1d84ca\",\"name\":\"Enfeite Decora\",\"image\":{\"@type\":\"ImageObject\",\"inLanguage\":\"pt-BR\",\"@id\":\"https:\\\/\\\/enfeitedecora.com\\\/stories\\\/wp-content\\\/litespeed\\\/avatar\\\/f3bcdc045383ee3c85d2910fa25676a0.jpg?ver=1777484027\",\"url\":\"https:\\\/\\\/enfeitedecora.com\\\/stories\\\/wp-content\\\/litespeed\\\/avatar\\\/f3bcdc045383ee3c85d2910fa25676a0.jpg?ver=1777484027\",\"contentUrl\":\"https:\\\/\\\/enfeitedecora.com\\\/stories\\\/wp-content\\\/litespeed\\\/avatar\\\/f3bcdc045383ee3c85d2910fa25676a0.jpg?ver=1777484027\",\"caption\":\"Enfeite Decora\"},\"description\":\"O Enfeitedecora \u00e9 uma plataforma de conte\u00fado especializado dedicada a traduzir o universo da arquitetura, do design de interiores e do paisagismo em solu\u00e7\u00f5es pr\u00e1ticas e inspiradoras. O projeto \u00e9 idealizado e fundado por Cl\u00e1udio P. Filla e realizado pela Editora CFILLA (CNPJ: 47.923.569\\\/0001-92). Nossa Lideran\u00e7a e Vis\u00e3o Multidisciplinar Com quase 11 anos de experi\u00eancia no mercado de comunica\u00e7\u00e3o e m\u00eddias digitais, Cl\u00e1udio P. Filla atua como Editor-chefe e Estrategista de Conte\u00fado. Sua trajet\u00f3ria inclui a reda\u00e7\u00e3o especializada em portais de relev\u00e2ncia nacional, como o Agro na M\u00eddia, o que confere ao Enfeitedecora uma vis\u00e3o multidisciplinar \u00fanica: a uni\u00e3o entre o conhecimento t\u00e9cnico do setor produtivo e paisag\u00edstico com a sofistica\u00e7\u00e3o do design urbano.\",\"sameAs\":[\"https:\\\/\\\/enfeitedecora.com\\\/stories\"],\"url\":\"https:\\\/\\\/enfeitedecora.com\\\/stories\\\/author\\\/enfeitedecoraadm\\\/\"}]}<\/script>\n<!-- \/ Yoast SEO plugin. -->","yoast_head_json":{"title":"5 plantas que decoram, surpreendem e s\u00e3o f\u00e1ceis de cuidar | Stories | Enfeite Decora","robots":{"index":"index","follow":"follow","max-snippet":"max-snippet:-1","max-image-preview":"max-image-preview:large","max-video-preview":"max-video-preview:-1"},"canonical":"https:\/\/enfeitedecora.com\/stories\/5-plantas-que-decoram-surpreendem-e-sao-faceis-de-cuidar\/","og_locale":"pt_BR","og_type":"article","og_title":"5 plantas que decoram, surpreendem e s\u00e3o f\u00e1ceis de cuidar | Stories | Enfeite Decora","og_description":"Ter plantas em casa vai muito al\u00e9m da est\u00e9tica, elas trazem vida, aconchego e at\u00e9 influenciam a sensa\u00e7\u00e3o de bem-estar no ambiente. Mas a escolha certa faz toda a diferen\u00e7a. ...","og_url":"https:\/\/enfeitedecora.com\/stories\/5-plantas-que-decoram-surpreendem-e-sao-faceis-de-cuidar\/","og_site_name":"Stories | Enfeite Decora","article_publisher":"https:\/\/facebook.com\/enfeitedecora","article_published_time":"2026-03-26T13:56:18+00:00","article_modified_time":"2026-03-26T13:56:20+00:00","og_image":[{"width":1280,"height":720,"url":"https:\/\/enfeitedecora.com\/stories\/wp-content\/uploads\/2026\/01\/kalanchoe-1.jpg","type":"image\/jpeg"}],"author":"Enfeite Decora","twitter_card":"summary_large_image","twitter_misc":{"Escrito por":"Enfeite Decora","Est. tempo de leitura":"3 minutos"},"schema":{"@context":"https:\/\/schema.org","@graph":[{"@type":"Article","@id":"https:\/\/enfeitedecora.com\/stories\/5-plantas-que-decoram-surpreendem-e-sao-faceis-de-cuidar\/#article","isPartOf":{"@id":"https:\/\/enfeitedecora.com\/stories\/5-plantas-que-decoram-surpreendem-e-sao-faceis-de-cuidar\/"},"author":{"name":"Enfeite Decora","@id":"https:\/\/enfeitedecora.com\/stories\/#\/schema\/person\/9b0d820009848f2d495963fd1e1d84ca"},"headline":"5 plantas que decoram, surpreendem e s\u00e3o f\u00e1ceis de cuidar","datePublished":"2026-03-26T13:56:18+00:00","dateModified":"2026-03-26T13:56:20+00:00","mainEntityOfPage":{"@id":"https:\/\/enfeitedecora.com\/stories\/5-plantas-que-decoram-surpreendem-e-sao-faceis-de-cuidar\/"},"wordCount":403,"publisher":{"@id":"https:\/\/enfeitedecora.com\/stories\/#organization"},"image":{"@id":"https:\/\/enfeitedecora.com\/stories\/5-plantas-que-decoram-surpreendem-e-sao-faceis-de-cuidar\/#primaryimage"},"thumbnailUrl":"https:\/\/enfeitedecora.com\/stories\/wp-content\/uploads\/2026\/01\/kalanchoe-1.jpg","articleSection":["Publica\u00e7\u00f5es"],"inLanguage":"pt-BR"},{"@type":"WebPage","@id":"https:\/\/enfeitedecora.com\/stories\/5-plantas-que-decoram-surpreendem-e-sao-faceis-de-cuidar\/","url":"https:\/\/enfeitedecora.com\/stories\/5-plantas-que-decoram-surpreendem-e-sao-faceis-de-cuidar\/","name":"5 plantas que decoram, surpreendem e s\u00e3o f\u00e1ceis de cuidar | Stories | Enfeite Decora","isPartOf":{"@id":"https:\/\/enfeitedecora.com\/stories\/#website"},"primaryImageOfPage":{"@id":"https:\/\/enfeitedecora.com\/stories\/5-plantas-que-decoram-surpreendem-e-sao-faceis-de-cuidar\/#primaryimage"},"image":{"@id":"https:\/\/enfeitedecora.com\/stories\/5-plantas-que-decoram-surpreendem-e-sao-faceis-de-cuidar\/#primaryimage"},"thumbnailUrl":"https:\/\/enfeitedecora.com\/stories\/wp-content\/uploads\/2026\/01\/kalanchoe-1.jpg","datePublished":"2026-03-26T13:56:18+00:00","dateModified":"2026-03-26T13:56:20+00:00","breadcrumb":{"@id":"https:\/\/enfeitedecora.com\/stories\/5-plantas-que-decoram-surpreendem-e-sao-faceis-de-cuidar\/#breadcrumb"},"inLanguage":"pt-BR","potentialAction":[{"@type":"ReadAction","target":["https:\/\/enfeitedecora.com\/stories\/5-plantas-que-decoram-surpreendem-e-sao-faceis-de-cuidar\/"]}]},{"@type":"ImageObject","inLanguage":"pt-BR","@id":"https:\/\/enfeitedecora.com\/stories\/5-plantas-que-decoram-surpreendem-e-sao-faceis-de-cuidar\/#primaryimage","url":"https:\/\/enfeitedecora.com\/stories\/wp-content\/uploads\/2026\/01\/kalanchoe-1.jpg","contentUrl":"https:\/\/enfeitedecora.com\/stories\/wp-content\/uploads\/2026\/01\/kalanchoe-1.jpg","width":1280,"height":720,"caption":"kalanchoe-1"},{"@type":"BreadcrumbList","@id":"https:\/\/enfeitedecora.com\/stories\/5-plantas-que-decoram-surpreendem-e-sao-faceis-de-cuidar\/#breadcrumb","itemListElement":[{"@type":"ListItem","position":1,"name":"In\u00edcio","item":"https:\/\/enfeitedecora.com\/stories\/"},{"@type":"ListItem","position":2,"name":"5 plantas que decoram, surpreendem e s\u00e3o f\u00e1ceis de cuidar"}]},{"@type":"WebSite","@id":"https:\/\/enfeitedecora.com\/stories\/#website","url":"https:\/\/enfeitedecora.com\/stories\/","name":"Stories | Enfeite Decora","description":"","publisher":{"@id":"https:\/\/enfeitedecora.com\/stories\/#organization"},"potentialAction":[{"@type":"SearchAction","target":{"@type":"EntryPoint","urlTemplate":"https:\/\/enfeitedecora.com\/stories\/?s={search_term_string}"},"query-input":{"@type":"PropertyValueSpecification","valueRequired":true,"valueName":"search_term_string"}}],"inLanguage":"pt-BR"},{"@type":"Organization","@id":"https:\/\/enfeitedecora.com\/stories\/#organization","name":"Enfeite Decora","url":"https:\/\/enfeitedecora.com\/stories\/","logo":{"@type":"ImageObject","inLanguage":"pt-BR","@id":"https:\/\/enfeitedecora.com\/stories\/#\/schema\/logo\/image\/","url":"https:\/\/enfeitedecora.com\/stories\/wp-content\/uploads\/2025\/10\/Logo_1614472736542_1614473478595_2-removebg-preview.png","contentUrl":"https:\/\/enfeitedecora.com\/stories\/wp-content\/uploads\/2025\/10\/Logo_1614472736542_1614473478595_2-removebg-preview.png","width":498,"height":501,"caption":"Enfeite Decora"},"image":{"@id":"https:\/\/enfeitedecora.com\/stories\/#\/schema\/logo\/image\/"},"sameAs":["https:\/\/facebook.com\/enfeitedecora"]},{"@type":"Person","@id":"https:\/\/enfeitedecora.com\/stories\/#\/schema\/person\/9b0d820009848f2d495963fd1e1d84ca","name":"Enfeite Decora","image":{"@type":"ImageObject","inLanguage":"pt-BR","@id":"https:\/\/enfeitedecora.com\/stories\/wp-content\/litespeed\/avatar\/f3bcdc045383ee3c85d2910fa25676a0.jpg?ver=1777484027","url":"https:\/\/enfeitedecora.com\/stories\/wp-content\/litespeed\/avatar\/f3bcdc045383ee3c85d2910fa25676a0.jpg?ver=1777484027","contentUrl":"https:\/\/enfeitedecora.com\/stories\/wp-content\/litespeed\/avatar\/f3bcdc045383ee3c85d2910fa25676a0.jpg?ver=1777484027","caption":"Enfeite Decora"},"description":"O Enfeitedecora \u00e9 uma plataforma de conte\u00fado especializado dedicada a traduzir o universo da arquitetura, do design de interiores e do paisagismo em solu\u00e7\u00f5es pr\u00e1ticas e inspiradoras. O projeto \u00e9 idealizado e fundado por Cl\u00e1udio P. Filla e realizado pela Editora CFILLA (CNPJ: 47.923.569\/0001-92). Nossa Lideran\u00e7a e Vis\u00e3o Multidisciplinar Com quase 11 anos de experi\u00eancia no mercado de comunica\u00e7\u00e3o e m\u00eddias digitais, Cl\u00e1udio P. Filla atua como Editor-chefe e Estrategista de Conte\u00fado. Sua trajet\u00f3ria inclui a reda\u00e7\u00e3o especializada em portais de relev\u00e2ncia nacional, como o Agro na M\u00eddia, o que confere ao Enfeitedecora uma vis\u00e3o multidisciplinar \u00fanica: a uni\u00e3o entre o conhecimento t\u00e9cnico do setor produtivo e paisag\u00edstico com a sofistica\u00e7\u00e3o do design urbano.","sameAs":["https:\/\/enfeitedecora.com\/stories"],"url":"https:\/\/enfeitedecora.com\/stories\/author\/enfeitedecoraadm\/"}]}},"_links":{"self":[{"href":"https:\/\/enfeitedecora.com\/stories\/wp-json\/wp\/v2\/posts\/3055","targetHints":{"allow":["GET"]}}],"collection":[{"href":"https:\/\/enfeitedecora.com\/stories\/wp-json\/wp\/v2\/posts"}],"about":[{"href":"https:\/\/enfeitedecora.com\/stories\/wp-json\/wp\/v2\/types\/post"}],"author":[{"embeddable":true,"href":"https:\/\/enfeitedecora.com\/stories\/wp-json\/wp\/v2\/users\/1"}],"replies":[{"embeddable":true,"href":"https:\/\/enfeitedecora.com\/stories\/wp-json\/wp\/v2\/comments?post=3055"}],"version-history":[{"count":1,"href":"https:\/\/enfeitedecora.com\/stories\/wp-json\/wp\/v2\/posts\/3055\/revisions"}],"predecessor-version":[{"id":3056,"href":"https:\/\/enfeitedecora.com\/stories\/wp-json\/wp\/v2\/posts\/3055\/revisions\/3056"}],"wp:featuredmedia":[{"embeddable":true,"href":"https:\/\/enfeitedecora.com\/stories\/wp-json\/wp\/v2\/media\/1344"}],"wp:attachment":[{"href":"https:\/\/enfeitedecora.com\/stories\/wp-json\/wp\/v2\/media?parent=3055"}],"wp:term":[{"taxonomy":"category","embeddable":true,"href":"https:\/\/enfeitedecora.com\/stories\/wp-json\/wp\/v2\/categories?post=3055"},{"taxonomy":"post_tag","embeddable":true,"href":"https:\/\/enfeitedecora.com\/stories\/wp-json\/wp\/v2\/tags?post=3055"}],"curies":[{"name":"wp","href":"https:\/\/api.w.org\/{rel}","templated":true}]}}