{"id":2962,"date":"2026-03-24T23:36:53","date_gmt":"2026-03-25T02:36:53","guid":{"rendered":"https:\/\/enfeitedecora.com\/stories\/?p=2962"},"modified":"2026-03-24T23:36:56","modified_gmt":"2026-03-25T02:36:56","slug":"5-detalhes-que-fazem-uma-sala-de-estar-parecer-decorada-por-arquiteto","status":"publish","type":"post","link":"https:\/\/enfeitedecora.com\/stories\/5-detalhes-que-fazem-uma-sala-de-estar-parecer-decorada-por-arquiteto\/","title":{"rendered":"5 detalhes que fazem uma sala de estar parecer decorada por arquiteto"},"content":{"rendered":"\n<p>N\u00e3o \u00e9 preciso reformar tudo para ter uma sala bonita e com personalidade. Na maioria das vezes, o que faz a diferen\u00e7a s\u00e3o escolhas pontuais no revestimento, na cortina, na cor, no m\u00f3vel certo. <\/p>\n\n\n\n<p>A seguir, separamos 5 Web Stories do Enfeite Decora que mostram exatamente isso, do jeito mais visual e direto poss\u00edvel.<\/p>\n\n\n\n<h2 class=\"wp-block-heading\">1. A cor certa muda tudo, at\u00e9 o tamanho percebido do espa\u00e7o<\/h2>\n\n\n\n<p>Sala clara ou escura? A resposta n\u00e3o \u00e9 t\u00e3o \u00f3bvia quanto parece. Dependendo do ambiente, uma parede escura pode ampliar a percep\u00e7\u00e3o de profundidade enquanto um tom claro pode deixar tudo mais gen\u00e9rico. Essa story explica como a cor define o car\u00e1ter de um ambiente e ajuda a tomar essa decis\u00e3o com mais seguran\u00e7a.<\/p>\n\n\n\n<figure class=\"wp-block-embed is-type-wp-embed is-provider-stories-enfeite-decora wp-block-embed-stories-enfeite-decora\"><div class=\"wp-block-embed__wrapper\">\n<blockquote class=\"wp-embedded-content\" data-secret=\"V9PHdSA6hp\"><a href=\"https:\/\/enfeitedecora.com\/stories\/webstory\/salas-claras-ou-escuras-como-a-cor-define-o-ambiente\/\">Salas claras ou escuras: como a cor define o ambiente<\/a><\/blockquote><iframe loading=\"lazy\" class=\"wp-embedded-content\" sandbox=\"allow-scripts\" security=\"restricted\" style=\"position: absolute; visibility: hidden;\" title=\"&#8220;Salas claras ou escuras: como a cor define o ambiente&#8221; &#8212; Stories | Enfeite Decora\" src=\"https:\/\/enfeitedecora.com\/stories\/webstory\/salas-claras-ou-escuras-como-a-cor-define-o-ambiente\/embed\/#?secret=0m0iD58oKJ#?secret=V9PHdSA6hp\" data-secret=\"V9PHdSA6hp\" width=\"600\" height=\"338\" frameborder=\"0\" marginwidth=\"0\" marginheight=\"0\" scrolling=\"no\"><\/iframe>\n<\/div><\/figure>\n\n\n\n<h2 class=\"wp-block-heading\">2. Cortina: o elemento que a maioria subestima<\/h2>\n\n\n\n<p>A cortina errada encolhe a sala. A cortina certa, ao contr\u00e1rio, eleva o p\u00e9-direito, filtra a luz com eleg\u00e2ncia e d\u00e1 acabamento ao ambiente inteiro. Essa story mostra como escolher o modelo ideal para salas pequenas e por que esse detalhe tem tanto impacto visual.<\/p>\n\n\n\n<figure class=\"wp-block-embed is-type-wp-embed is-provider-stories-enfeite-decora wp-block-embed-stories-enfeite-decora\"><div class=\"wp-block-embed__wrapper\">\n<blockquote class=\"wp-embedded-content\" data-secret=\"fqoB7uYpdt\"><a href=\"https:\/\/enfeitedecora.com\/stories\/webstory\/como-a-cortina-certa-muda-a-percepcao-de-salas-pequenas\/\">Como a cortina certa muda a percep\u00e7\u00e3o de salas pequenas<\/a><\/blockquote><iframe loading=\"lazy\" class=\"wp-embedded-content\" sandbox=\"allow-scripts\" security=\"restricted\" style=\"position: absolute; visibility: hidden;\" title=\"&#8220;Como a cortina certa muda a percep\u00e7\u00e3o de salas pequenas&#8221; &#8212; Stories | Enfeite Decora\" src=\"https:\/\/enfeitedecora.com\/stories\/webstory\/como-a-cortina-certa-muda-a-percepcao-de-salas-pequenas\/embed\/#?secret=ue6md6NimG#?secret=fqoB7uYpdt\" data-secret=\"fqoB7uYpdt\" width=\"600\" height=\"338\" frameborder=\"0\" marginwidth=\"0\" marginheight=\"0\" scrolling=\"no\"><\/iframe>\n<\/div><\/figure>\n\n\n\n<h2 class=\"wp-block-heading\">3. Boiseries: cl\u00e1ssico que nunca saiu de moda<\/h2>\n\n\n\n<p>O boiserie voltou com for\u00e7a para as salas contempor\u00e2neas \u2014 e combina tanto com o estilo cl\u00e1ssico quanto com o minimalista moderno. Nessa story voc\u00ea entende o que s\u00e3o, como aplicar e por que esse revestimento de parede continua sendo uma das escolhas mais elegantes da decora\u00e7\u00e3o.<\/p>\n\n\n\n<figure class=\"wp-block-embed is-type-wp-embed is-provider-stories-enfeite-decora wp-block-embed-stories-enfeite-decora\"><div class=\"wp-block-embed__wrapper\">\n<blockquote class=\"wp-embedded-content\" data-secret=\"agMmgtTvsS\"><a href=\"https:\/\/enfeitedecora.com\/stories\/webstory\/boiseries-na-sala-de-estar-charme-atemporal-e-design-atual\/\">Boiseries na sala de estar: charme atemporal e design atual<\/a><\/blockquote><iframe loading=\"lazy\" class=\"wp-embedded-content\" sandbox=\"allow-scripts\" security=\"restricted\" style=\"position: absolute; visibility: hidden;\" title=\"&#8220;Boiseries na sala de estar: charme atemporal e design atual&#8221; &#8212; Stories | Enfeite Decora\" src=\"https:\/\/enfeitedecora.com\/stories\/webstory\/boiseries-na-sala-de-estar-charme-atemporal-e-design-atual\/embed\/#?secret=NNd9h31rLa#?secret=agMmgtTvsS\" data-secret=\"agMmgtTvsS\" width=\"600\" height=\"338\" frameborder=\"0\" marginwidth=\"0\" marginheight=\"0\" scrolling=\"no\"><\/iframe>\n<\/div><\/figure>\n\n\n\n<ul class=\"wp-block-list\">\n<li><strong>Veja tamb\u00e9m: <a href=\"https:\/\/enfeitedecora.com\/stories\/5-ideias-para-transformar-seu-jardim-e-area-externa-em-um-lugar-onde-voce-vai-querer-ficar\/\">5 ideias para transformar seu jardim e \u00e1rea externa em um lugar onde voc\u00ea vai querer ficar<\/a><\/strong><\/li>\n<\/ul>\n\n\n\n<h2 class=\"wp-block-heading\">4. Mesa de centro: menor do que voc\u00ea imagina, mais importante do que parece<\/h2>\n\n\n\n<p>Escolher o tamanho errado da mesa de centro \u00e9 um dos erros mais comuns em salas de estar. Ela pode bloquear a circula\u00e7\u00e3o, desequilibrar a propor\u00e7\u00e3o dos m\u00f3veis ou simplesmente desaparecer no ambiente. Essa story tem um guia pr\u00e1tico para acertar na medida certa.<\/p>\n\n\n\n<figure class=\"wp-block-embed is-type-wp-embed is-provider-stories-enfeite-decora wp-block-embed-stories-enfeite-decora\"><div class=\"wp-block-embed__wrapper\">\n<blockquote class=\"wp-embedded-content\" data-secret=\"ugp29Oattm\"><a href=\"https:\/\/enfeitedecora.com\/stories\/webstory\/mesa-de-centro-como-escolher-o-tamanho-certo-para-sua-sala\/\">Mesa de centro: como escolher o tamanho certo para sua sala<\/a><\/blockquote><iframe loading=\"lazy\" class=\"wp-embedded-content\" sandbox=\"allow-scripts\" security=\"restricted\" style=\"position: absolute; visibility: hidden;\" title=\"&#8220;Mesa de centro: como escolher o tamanho certo para sua sala&#8221; &#8212; Stories | Enfeite Decora\" src=\"https:\/\/enfeitedecora.com\/stories\/webstory\/mesa-de-centro-como-escolher-o-tamanho-certo-para-sua-sala\/embed\/#?secret=ZW4xC1FqCq#?secret=ugp29Oattm\" data-secret=\"ugp29Oattm\" width=\"600\" height=\"338\" frameborder=\"0\" marginwidth=\"0\" marginheight=\"0\" scrolling=\"no\"><\/iframe>\n<\/div><\/figure>\n\n\n\n<h2 class=\"wp-block-heading\">5. Painel ripado: o toque que transforma qualquer sala de jantar<\/h2>\n\n\n\n<p>O painel ripado virou um dos revestimentos mais usados na decora\u00e7\u00e3o brasileira e n\u00e3o \u00e9 modismo. Ele adiciona textura, aquece o ambiente e cria um ponto focal que organiza visualmente o espa\u00e7o. Essa story mostra como ele funciona especificamente na sala de jantar e o que considerar antes de aplicar.<\/p>\n\n\n\n<figure class=\"wp-block-embed is-type-wp-embed is-provider-stories-enfeite-decora wp-block-embed-stories-enfeite-decora\"><div class=\"wp-block-embed__wrapper\">\n<blockquote class=\"wp-embedded-content\" data-secret=\"1OOPKoN9Lr\"><a href=\"https:\/\/enfeitedecora.com\/stories\/webstory\/como-o-painel-ripado-muda-a-leitura-de-qualquer-sala-de-jantar\/\">Como o painel ripado muda a leitura de qualquer sala de jantar<\/a><\/blockquote><iframe loading=\"lazy\" class=\"wp-embedded-content\" sandbox=\"allow-scripts\" security=\"restricted\" style=\"position: absolute; visibility: hidden;\" title=\"&#8220;Como o painel ripado muda a leitura de qualquer sala de jantar&#8221; &#8212; Stories | Enfeite Decora\" src=\"https:\/\/enfeitedecora.com\/stories\/webstory\/como-o-painel-ripado-muda-a-leitura-de-qualquer-sala-de-jantar\/embed\/#?secret=sA4LCT28UQ#?secret=1OOPKoN9Lr\" data-secret=\"1OOPKoN9Lr\" width=\"600\" height=\"338\" frameborder=\"0\" marginwidth=\"0\" marginheight=\"0\" scrolling=\"no\"><\/iframe>\n<\/div><\/figure>\n\n\n\n<hr class=\"wp-block-separator has-alpha-channel-opacity\"\/>\n\n\n\n<p><strong>Quer mais ideias para decorar sua casa? Confira todas as nossas <a href=\"https:\/\/enfeitedecora.com\/stories\/webstory\/\">Web Stories<\/a><\/strong> e o <strong><a href=\"https:\/\/enfeitedecora.com\">portal do Enfeite Decora<\/a><\/strong>.<\/p>\n\n\n\n<p><\/p>\n","protected":false},"excerpt":{"rendered":"<p>N\u00e3o \u00e9 preciso reformar tudo para ter uma sala bonita e com personalidade. Na maioria das vezes, o que faz a diferen\u00e7a s\u00e3o escolhas pontuais no revestimento, na cortina, na &#8230;<\/p>\n","protected":false},"author":1,"featured_media":3001,"comment_status":"closed","ping_status":"open","sticky":false,"template":"","format":"standard","meta":{"footnotes":""},"categories":[11],"tags":[],"class_list":["post-2962","post","type-post","status-publish","format-standard","has-post-thumbnail","hentry","category-publicacoes"],"yoast_head":"<!-- This site is optimized with the Yoast SEO plugin v27.4 - https:\/\/yoast.com\/product\/yoast-seo-wordpress\/ -->\n<title>5 detalhes que fazem uma sala de estar parecer decorada por arquiteto | Stories | Enfeite Decora<\/title>\n<meta name=\"robots\" content=\"index, follow, max-snippet:-1, max-image-preview:large, max-video-preview:-1\" \/>\n<link rel=\"canonical\" href=\"https:\/\/enfeitedecora.com\/stories\/5-detalhes-que-fazem-uma-sala-de-estar-parecer-decorada-por-arquiteto\/\" \/>\n<meta property=\"og:locale\" content=\"pt_BR\" \/>\n<meta property=\"og:type\" content=\"article\" \/>\n<meta property=\"og:title\" content=\"5 detalhes que fazem uma sala de estar parecer decorada por arquiteto | Stories | Enfeite Decora\" \/>\n<meta property=\"og:description\" content=\"N\u00e3o \u00e9 preciso reformar tudo para ter uma sala bonita e com personalidade. Na maioria das vezes, o que faz a diferen\u00e7a s\u00e3o escolhas pontuais no revestimento, na cortina, na ...\" \/>\n<meta property=\"og:url\" content=\"https:\/\/enfeitedecora.com\/stories\/5-detalhes-que-fazem-uma-sala-de-estar-parecer-decorada-por-arquiteto\/\" \/>\n<meta property=\"og:site_name\" content=\"Stories | Enfeite Decora\" \/>\n<meta property=\"article:publisher\" content=\"https:\/\/facebook.com\/enfeitedecora\" \/>\n<meta property=\"article:published_time\" content=\"2026-03-25T02:36:53+00:00\" \/>\n<meta property=\"article:modified_time\" content=\"2026-03-25T02:36:56+00:00\" \/>\n<meta property=\"og:image\" content=\"https:\/\/enfeitedecora.com\/stories\/wp-content\/uploads\/2026\/03\/boisiere-sala-1-1140x570-1.jpg\" \/>\n\t<meta property=\"og:image:width\" content=\"1140\" \/>\n\t<meta property=\"og:image:height\" content=\"570\" \/>\n\t<meta property=\"og:image:type\" content=\"image\/jpeg\" \/>\n<meta name=\"author\" content=\"Enfeite Decora\" \/>\n<meta name=\"twitter:card\" content=\"summary_large_image\" \/>\n<meta name=\"twitter:label1\" content=\"Escrito por\" \/>\n\t<meta name=\"twitter:data1\" content=\"Enfeite Decora\" \/>\n\t<meta name=\"twitter:label2\" content=\"Est. tempo de leitura\" \/>\n\t<meta name=\"twitter:data2\" content=\"3 minutos\" \/>\n<script type=\"application\/ld+json\" class=\"yoast-schema-graph\">{\"@context\":\"https:\\\/\\\/schema.org\",\"@graph\":[{\"@type\":\"Article\",\"@id\":\"https:\\\/\\\/enfeitedecora.com\\\/stories\\\/5-detalhes-que-fazem-uma-sala-de-estar-parecer-decorada-por-arquiteto\\\/#article\",\"isPartOf\":{\"@id\":\"https:\\\/\\\/enfeitedecora.com\\\/stories\\\/5-detalhes-que-fazem-uma-sala-de-estar-parecer-decorada-por-arquiteto\\\/\"},\"author\":{\"name\":\"Enfeite Decora\",\"@id\":\"https:\\\/\\\/enfeitedecora.com\\\/stories\\\/#\\\/schema\\\/person\\\/9b0d820009848f2d495963fd1e1d84ca\"},\"headline\":\"5 detalhes que fazem uma sala de estar parecer decorada por arquiteto\",\"datePublished\":\"2026-03-25T02:36:53+00:00\",\"dateModified\":\"2026-03-25T02:36:56+00:00\",\"mainEntityOfPage\":{\"@id\":\"https:\\\/\\\/enfeitedecora.com\\\/stories\\\/5-detalhes-que-fazem-uma-sala-de-estar-parecer-decorada-por-arquiteto\\\/\"},\"wordCount\":444,\"publisher\":{\"@id\":\"https:\\\/\\\/enfeitedecora.com\\\/stories\\\/#organization\"},\"image\":{\"@id\":\"https:\\\/\\\/enfeitedecora.com\\\/stories\\\/5-detalhes-que-fazem-uma-sala-de-estar-parecer-decorada-por-arquiteto\\\/#primaryimage\"},\"thumbnailUrl\":\"https:\\\/\\\/enfeitedecora.com\\\/stories\\\/wp-content\\\/uploads\\\/2026\\\/03\\\/boisiere-sala-1-1140x570-1.jpg\",\"articleSection\":[\"Publica\u00e7\u00f5es\"],\"inLanguage\":\"pt-BR\"},{\"@type\":\"WebPage\",\"@id\":\"https:\\\/\\\/enfeitedecora.com\\\/stories\\\/5-detalhes-que-fazem-uma-sala-de-estar-parecer-decorada-por-arquiteto\\\/\",\"url\":\"https:\\\/\\\/enfeitedecora.com\\\/stories\\\/5-detalhes-que-fazem-uma-sala-de-estar-parecer-decorada-por-arquiteto\\\/\",\"name\":\"5 detalhes que fazem uma sala de estar parecer decorada por arquiteto | Stories | Enfeite Decora\",\"isPartOf\":{\"@id\":\"https:\\\/\\\/enfeitedecora.com\\\/stories\\\/#website\"},\"primaryImageOfPage\":{\"@id\":\"https:\\\/\\\/enfeitedecora.com\\\/stories\\\/5-detalhes-que-fazem-uma-sala-de-estar-parecer-decorada-por-arquiteto\\\/#primaryimage\"},\"image\":{\"@id\":\"https:\\\/\\\/enfeitedecora.com\\\/stories\\\/5-detalhes-que-fazem-uma-sala-de-estar-parecer-decorada-por-arquiteto\\\/#primaryimage\"},\"thumbnailUrl\":\"https:\\\/\\\/enfeitedecora.com\\\/stories\\\/wp-content\\\/uploads\\\/2026\\\/03\\\/boisiere-sala-1-1140x570-1.jpg\",\"datePublished\":\"2026-03-25T02:36:53+00:00\",\"dateModified\":\"2026-03-25T02:36:56+00:00\",\"breadcrumb\":{\"@id\":\"https:\\\/\\\/enfeitedecora.com\\\/stories\\\/5-detalhes-que-fazem-uma-sala-de-estar-parecer-decorada-por-arquiteto\\\/#breadcrumb\"},\"inLanguage\":\"pt-BR\",\"potentialAction\":[{\"@type\":\"ReadAction\",\"target\":[\"https:\\\/\\\/enfeitedecora.com\\\/stories\\\/5-detalhes-que-fazem-uma-sala-de-estar-parecer-decorada-por-arquiteto\\\/\"]}]},{\"@type\":\"ImageObject\",\"inLanguage\":\"pt-BR\",\"@id\":\"https:\\\/\\\/enfeitedecora.com\\\/stories\\\/5-detalhes-que-fazem-uma-sala-de-estar-parecer-decorada-por-arquiteto\\\/#primaryimage\",\"url\":\"https:\\\/\\\/enfeitedecora.com\\\/stories\\\/wp-content\\\/uploads\\\/2026\\\/03\\\/boisiere-sala-1-1140x570-1.jpg\",\"contentUrl\":\"https:\\\/\\\/enfeitedecora.com\\\/stories\\\/wp-content\\\/uploads\\\/2026\\\/03\\\/boisiere-sala-1-1140x570-1.jpg\",\"width\":1140,\"height\":570},{\"@type\":\"BreadcrumbList\",\"@id\":\"https:\\\/\\\/enfeitedecora.com\\\/stories\\\/5-detalhes-que-fazem-uma-sala-de-estar-parecer-decorada-por-arquiteto\\\/#breadcrumb\",\"itemListElement\":[{\"@type\":\"ListItem\",\"position\":1,\"name\":\"In\u00edcio\",\"item\":\"https:\\\/\\\/enfeitedecora.com\\\/stories\\\/\"},{\"@type\":\"ListItem\",\"position\":2,\"name\":\"5 detalhes que fazem uma sala de estar parecer decorada por arquiteto\"}]},{\"@type\":\"WebSite\",\"@id\":\"https:\\\/\\\/enfeitedecora.com\\\/stories\\\/#website\",\"url\":\"https:\\\/\\\/enfeitedecora.com\\\/stories\\\/\",\"name\":\"Stories | Enfeite Decora\",\"description\":\"\",\"publisher\":{\"@id\":\"https:\\\/\\\/enfeitedecora.com\\\/stories\\\/#organization\"},\"potentialAction\":[{\"@type\":\"SearchAction\",\"target\":{\"@type\":\"EntryPoint\",\"urlTemplate\":\"https:\\\/\\\/enfeitedecora.com\\\/stories\\\/?s={search_term_string}\"},\"query-input\":{\"@type\":\"PropertyValueSpecification\",\"valueRequired\":true,\"valueName\":\"search_term_string\"}}],\"inLanguage\":\"pt-BR\"},{\"@type\":\"Organization\",\"@id\":\"https:\\\/\\\/enfeitedecora.com\\\/stories\\\/#organization\",\"name\":\"Enfeite Decora\",\"url\":\"https:\\\/\\\/enfeitedecora.com\\\/stories\\\/\",\"logo\":{\"@type\":\"ImageObject\",\"inLanguage\":\"pt-BR\",\"@id\":\"https:\\\/\\\/enfeitedecora.com\\\/stories\\\/#\\\/schema\\\/logo\\\/image\\\/\",\"url\":\"https:\\\/\\\/enfeitedecora.com\\\/stories\\\/wp-content\\\/uploads\\\/2025\\\/10\\\/Logo_1614472736542_1614473478595_2-removebg-preview.png\",\"contentUrl\":\"https:\\\/\\\/enfeitedecora.com\\\/stories\\\/wp-content\\\/uploads\\\/2025\\\/10\\\/Logo_1614472736542_1614473478595_2-removebg-preview.png\",\"width\":498,\"height\":501,\"caption\":\"Enfeite Decora\"},\"image\":{\"@id\":\"https:\\\/\\\/enfeitedecora.com\\\/stories\\\/#\\\/schema\\\/logo\\\/image\\\/\"},\"sameAs\":[\"https:\\\/\\\/facebook.com\\\/enfeitedecora\"]},{\"@type\":\"Person\",\"@id\":\"https:\\\/\\\/enfeitedecora.com\\\/stories\\\/#\\\/schema\\\/person\\\/9b0d820009848f2d495963fd1e1d84ca\",\"name\":\"Enfeite Decora\",\"image\":{\"@type\":\"ImageObject\",\"inLanguage\":\"pt-BR\",\"@id\":\"https:\\\/\\\/enfeitedecora.com\\\/stories\\\/wp-content\\\/litespeed\\\/avatar\\\/f3bcdc045383ee3c85d2910fa25676a0.jpg?ver=1777484027\",\"url\":\"https:\\\/\\\/enfeitedecora.com\\\/stories\\\/wp-content\\\/litespeed\\\/avatar\\\/f3bcdc045383ee3c85d2910fa25676a0.jpg?ver=1777484027\",\"contentUrl\":\"https:\\\/\\\/enfeitedecora.com\\\/stories\\\/wp-content\\\/litespeed\\\/avatar\\\/f3bcdc045383ee3c85d2910fa25676a0.jpg?ver=1777484027\",\"caption\":\"Enfeite Decora\"},\"description\":\"O Enfeitedecora \u00e9 uma plataforma de conte\u00fado especializado dedicada a traduzir o universo da arquitetura, do design de interiores e do paisagismo em solu\u00e7\u00f5es pr\u00e1ticas e inspiradoras. O projeto \u00e9 idealizado e fundado por Cl\u00e1udio P. Filla e realizado pela Editora CFILLA (CNPJ: 47.923.569\\\/0001-92). Nossa Lideran\u00e7a e Vis\u00e3o Multidisciplinar Com quase 11 anos de experi\u00eancia no mercado de comunica\u00e7\u00e3o e m\u00eddias digitais, Cl\u00e1udio P. Filla atua como Editor-chefe e Estrategista de Conte\u00fado. Sua trajet\u00f3ria inclui a reda\u00e7\u00e3o especializada em portais de relev\u00e2ncia nacional, como o Agro na M\u00eddia, o que confere ao Enfeitedecora uma vis\u00e3o multidisciplinar \u00fanica: a uni\u00e3o entre o conhecimento t\u00e9cnico do setor produtivo e paisag\u00edstico com a sofistica\u00e7\u00e3o do design urbano.\",\"sameAs\":[\"https:\\\/\\\/enfeitedecora.com\\\/stories\"],\"url\":\"https:\\\/\\\/enfeitedecora.com\\\/stories\\\/author\\\/enfeitedecoraadm\\\/\"}]}<\/script>\n<!-- \/ Yoast SEO plugin. -->","yoast_head_json":{"title":"5 detalhes que fazem uma sala de estar parecer decorada por arquiteto | Stories | Enfeite Decora","robots":{"index":"index","follow":"follow","max-snippet":"max-snippet:-1","max-image-preview":"max-image-preview:large","max-video-preview":"max-video-preview:-1"},"canonical":"https:\/\/enfeitedecora.com\/stories\/5-detalhes-que-fazem-uma-sala-de-estar-parecer-decorada-por-arquiteto\/","og_locale":"pt_BR","og_type":"article","og_title":"5 detalhes que fazem uma sala de estar parecer decorada por arquiteto | Stories | Enfeite Decora","og_description":"N\u00e3o \u00e9 preciso reformar tudo para ter uma sala bonita e com personalidade. Na maioria das vezes, o que faz a diferen\u00e7a s\u00e3o escolhas pontuais no revestimento, na cortina, na ...","og_url":"https:\/\/enfeitedecora.com\/stories\/5-detalhes-que-fazem-uma-sala-de-estar-parecer-decorada-por-arquiteto\/","og_site_name":"Stories | Enfeite Decora","article_publisher":"https:\/\/facebook.com\/enfeitedecora","article_published_time":"2026-03-25T02:36:53+00:00","article_modified_time":"2026-03-25T02:36:56+00:00","og_image":[{"width":1140,"height":570,"url":"https:\/\/enfeitedecora.com\/stories\/wp-content\/uploads\/2026\/03\/boisiere-sala-1-1140x570-1.jpg","type":"image\/jpeg"}],"author":"Enfeite Decora","twitter_card":"summary_large_image","twitter_misc":{"Escrito por":"Enfeite Decora","Est. tempo de leitura":"3 minutos"},"schema":{"@context":"https:\/\/schema.org","@graph":[{"@type":"Article","@id":"https:\/\/enfeitedecora.com\/stories\/5-detalhes-que-fazem-uma-sala-de-estar-parecer-decorada-por-arquiteto\/#article","isPartOf":{"@id":"https:\/\/enfeitedecora.com\/stories\/5-detalhes-que-fazem-uma-sala-de-estar-parecer-decorada-por-arquiteto\/"},"author":{"name":"Enfeite Decora","@id":"https:\/\/enfeitedecora.com\/stories\/#\/schema\/person\/9b0d820009848f2d495963fd1e1d84ca"},"headline":"5 detalhes que fazem uma sala de estar parecer decorada por arquiteto","datePublished":"2026-03-25T02:36:53+00:00","dateModified":"2026-03-25T02:36:56+00:00","mainEntityOfPage":{"@id":"https:\/\/enfeitedecora.com\/stories\/5-detalhes-que-fazem-uma-sala-de-estar-parecer-decorada-por-arquiteto\/"},"wordCount":444,"publisher":{"@id":"https:\/\/enfeitedecora.com\/stories\/#organization"},"image":{"@id":"https:\/\/enfeitedecora.com\/stories\/5-detalhes-que-fazem-uma-sala-de-estar-parecer-decorada-por-arquiteto\/#primaryimage"},"thumbnailUrl":"https:\/\/enfeitedecora.com\/stories\/wp-content\/uploads\/2026\/03\/boisiere-sala-1-1140x570-1.jpg","articleSection":["Publica\u00e7\u00f5es"],"inLanguage":"pt-BR"},{"@type":"WebPage","@id":"https:\/\/enfeitedecora.com\/stories\/5-detalhes-que-fazem-uma-sala-de-estar-parecer-decorada-por-arquiteto\/","url":"https:\/\/enfeitedecora.com\/stories\/5-detalhes-que-fazem-uma-sala-de-estar-parecer-decorada-por-arquiteto\/","name":"5 detalhes que fazem uma sala de estar parecer decorada por arquiteto | Stories | Enfeite Decora","isPartOf":{"@id":"https:\/\/enfeitedecora.com\/stories\/#website"},"primaryImageOfPage":{"@id":"https:\/\/enfeitedecora.com\/stories\/5-detalhes-que-fazem-uma-sala-de-estar-parecer-decorada-por-arquiteto\/#primaryimage"},"image":{"@id":"https:\/\/enfeitedecora.com\/stories\/5-detalhes-que-fazem-uma-sala-de-estar-parecer-decorada-por-arquiteto\/#primaryimage"},"thumbnailUrl":"https:\/\/enfeitedecora.com\/stories\/wp-content\/uploads\/2026\/03\/boisiere-sala-1-1140x570-1.jpg","datePublished":"2026-03-25T02:36:53+00:00","dateModified":"2026-03-25T02:36:56+00:00","breadcrumb":{"@id":"https:\/\/enfeitedecora.com\/stories\/5-detalhes-que-fazem-uma-sala-de-estar-parecer-decorada-por-arquiteto\/#breadcrumb"},"inLanguage":"pt-BR","potentialAction":[{"@type":"ReadAction","target":["https:\/\/enfeitedecora.com\/stories\/5-detalhes-que-fazem-uma-sala-de-estar-parecer-decorada-por-arquiteto\/"]}]},{"@type":"ImageObject","inLanguage":"pt-BR","@id":"https:\/\/enfeitedecora.com\/stories\/5-detalhes-que-fazem-uma-sala-de-estar-parecer-decorada-por-arquiteto\/#primaryimage","url":"https:\/\/enfeitedecora.com\/stories\/wp-content\/uploads\/2026\/03\/boisiere-sala-1-1140x570-1.jpg","contentUrl":"https:\/\/enfeitedecora.com\/stories\/wp-content\/uploads\/2026\/03\/boisiere-sala-1-1140x570-1.jpg","width":1140,"height":570},{"@type":"BreadcrumbList","@id":"https:\/\/enfeitedecora.com\/stories\/5-detalhes-que-fazem-uma-sala-de-estar-parecer-decorada-por-arquiteto\/#breadcrumb","itemListElement":[{"@type":"ListItem","position":1,"name":"In\u00edcio","item":"https:\/\/enfeitedecora.com\/stories\/"},{"@type":"ListItem","position":2,"name":"5 detalhes que fazem uma sala de estar parecer decorada por arquiteto"}]},{"@type":"WebSite","@id":"https:\/\/enfeitedecora.com\/stories\/#website","url":"https:\/\/enfeitedecora.com\/stories\/","name":"Stories | Enfeite Decora","description":"","publisher":{"@id":"https:\/\/enfeitedecora.com\/stories\/#organization"},"potentialAction":[{"@type":"SearchAction","target":{"@type":"EntryPoint","urlTemplate":"https:\/\/enfeitedecora.com\/stories\/?s={search_term_string}"},"query-input":{"@type":"PropertyValueSpecification","valueRequired":true,"valueName":"search_term_string"}}],"inLanguage":"pt-BR"},{"@type":"Organization","@id":"https:\/\/enfeitedecora.com\/stories\/#organization","name":"Enfeite Decora","url":"https:\/\/enfeitedecora.com\/stories\/","logo":{"@type":"ImageObject","inLanguage":"pt-BR","@id":"https:\/\/enfeitedecora.com\/stories\/#\/schema\/logo\/image\/","url":"https:\/\/enfeitedecora.com\/stories\/wp-content\/uploads\/2025\/10\/Logo_1614472736542_1614473478595_2-removebg-preview.png","contentUrl":"https:\/\/enfeitedecora.com\/stories\/wp-content\/uploads\/2025\/10\/Logo_1614472736542_1614473478595_2-removebg-preview.png","width":498,"height":501,"caption":"Enfeite Decora"},"image":{"@id":"https:\/\/enfeitedecora.com\/stories\/#\/schema\/logo\/image\/"},"sameAs":["https:\/\/facebook.com\/enfeitedecora"]},{"@type":"Person","@id":"https:\/\/enfeitedecora.com\/stories\/#\/schema\/person\/9b0d820009848f2d495963fd1e1d84ca","name":"Enfeite Decora","image":{"@type":"ImageObject","inLanguage":"pt-BR","@id":"https:\/\/enfeitedecora.com\/stories\/wp-content\/litespeed\/avatar\/f3bcdc045383ee3c85d2910fa25676a0.jpg?ver=1777484027","url":"https:\/\/enfeitedecora.com\/stories\/wp-content\/litespeed\/avatar\/f3bcdc045383ee3c85d2910fa25676a0.jpg?ver=1777484027","contentUrl":"https:\/\/enfeitedecora.com\/stories\/wp-content\/litespeed\/avatar\/f3bcdc045383ee3c85d2910fa25676a0.jpg?ver=1777484027","caption":"Enfeite Decora"},"description":"O Enfeitedecora \u00e9 uma plataforma de conte\u00fado especializado dedicada a traduzir o universo da arquitetura, do design de interiores e do paisagismo em solu\u00e7\u00f5es pr\u00e1ticas e inspiradoras. O projeto \u00e9 idealizado e fundado por Cl\u00e1udio P. Filla e realizado pela Editora CFILLA (CNPJ: 47.923.569\/0001-92). Nossa Lideran\u00e7a e Vis\u00e3o Multidisciplinar Com quase 11 anos de experi\u00eancia no mercado de comunica\u00e7\u00e3o e m\u00eddias digitais, Cl\u00e1udio P. Filla atua como Editor-chefe e Estrategista de Conte\u00fado. Sua trajet\u00f3ria inclui a reda\u00e7\u00e3o especializada em portais de relev\u00e2ncia nacional, como o Agro na M\u00eddia, o que confere ao Enfeitedecora uma vis\u00e3o multidisciplinar \u00fanica: a uni\u00e3o entre o conhecimento t\u00e9cnico do setor produtivo e paisag\u00edstico com a sofistica\u00e7\u00e3o do design urbano.","sameAs":["https:\/\/enfeitedecora.com\/stories"],"url":"https:\/\/enfeitedecora.com\/stories\/author\/enfeitedecoraadm\/"}]}},"_links":{"self":[{"href":"https:\/\/enfeitedecora.com\/stories\/wp-json\/wp\/v2\/posts\/2962","targetHints":{"allow":["GET"]}}],"collection":[{"href":"https:\/\/enfeitedecora.com\/stories\/wp-json\/wp\/v2\/posts"}],"about":[{"href":"https:\/\/enfeitedecora.com\/stories\/wp-json\/wp\/v2\/types\/post"}],"author":[{"embeddable":true,"href":"https:\/\/enfeitedecora.com\/stories\/wp-json\/wp\/v2\/users\/1"}],"replies":[{"embeddable":true,"href":"https:\/\/enfeitedecora.com\/stories\/wp-json\/wp\/v2\/comments?post=2962"}],"version-history":[{"count":2,"href":"https:\/\/enfeitedecora.com\/stories\/wp-json\/wp\/v2\/posts\/2962\/revisions"}],"predecessor-version":[{"id":3002,"href":"https:\/\/enfeitedecora.com\/stories\/wp-json\/wp\/v2\/posts\/2962\/revisions\/3002"}],"wp:featuredmedia":[{"embeddable":true,"href":"https:\/\/enfeitedecora.com\/stories\/wp-json\/wp\/v2\/media\/3001"}],"wp:attachment":[{"href":"https:\/\/enfeitedecora.com\/stories\/wp-json\/wp\/v2\/media?parent=2962"}],"wp:term":[{"taxonomy":"category","embeddable":true,"href":"https:\/\/enfeitedecora.com\/stories\/wp-json\/wp\/v2\/categories?post=2962"},{"taxonomy":"post_tag","embeddable":true,"href":"https:\/\/enfeitedecora.com\/stories\/wp-json\/wp\/v2\/tags?post=2962"}],"curies":[{"name":"wp","href":"https:\/\/api.w.org\/{rel}","templated":true}]}}